{"id":1720,"date":"2026-04-29T06:14:14","date_gmt":"2026-04-29T09:14:14","guid":{"rendered":"https:\/\/vagas.portalemprego.com.br\/?p=1720"},"modified":"2026-04-29T06:14:14","modified_gmt":"2026-04-29T09:14:14","slug":"analista-administrativo-administracao-tres-rios","status":"publish","type":"post","link":"https:\/\/vagas.portalemprego.com.br\/?p=1720","title":{"rendered":"Analista Administrativo &#8211; Administra\u00e7\u00e3o &#8211; Tr\u00eas Rios"},"content":{"rendered":"<p>Estamos em busca de profissional para integrar nossa equipe! Se voc\u00ea tem perfil organizado, boa comunica\u00e7\u00e3o essa oportunidade pode ser para voc\u00ea.<br \/>\n\u2022 Realizar o acompanhamento administrativo dos enfermeiros externos, mantendo contato frequente para alinhamento de demandas e rotinas assistenciais;<br \/>\n \u2022 Apoiar na organiza\u00e7\u00e3o e controle de documentos assistenciais (relat\u00f3rios, evolu\u00e7\u00f5es, checklists e formul\u00e1rios obrigat\u00f3rios);<br \/>\n \u2022 Atuar como ponto de apoio entre equipe de campo e gest\u00e3o, facilitando a comunica\u00e7\u00e3o e resolu\u00e7\u00e3o de demandas operacionais;<br \/>\n \u2022 Acompanhar indicadores operacionais (visitas realizadas, pend\u00eancias e intercorr\u00eancias);<br \/>\n \u2022 Auxiliar na gest\u00e3o de materiais e insumos, quando aplic\u00e1vel;<br \/>\n \u2022 Garantir a atualiza\u00e7\u00e3o de planilhas, sistemas internos e registros administrativos do n\u00facleo;<br \/>\n \u2022 Apoiar na tratativa de n\u00e3o conformidades e ocorr\u00eancias reportadas pela equipe externa;<br \/>\n \u2022 Realizar solicita\u00e7\u00f5es de autoriza\u00e7\u00e3o junto \u00e0s Operadoras de Sa\u00fade.<\/p>\n<ul>\n<li>Local de trabalho: Tr\u00eas Rios, RJ<\/li>\n<li>Regime de contrata\u00e7\u00e3o de tipo: Efetivo \u2013 CLT<\/li>\n<li>Jornada: Per\u00edodo Integral<\/li>\n<li>\u00c1rea e especializa\u00e7\u00e3o profissional: Administra\u00e7\u00e3o &#8211; Administra\u00e7\u00e3o Geral<\/li>\n<li>N\u00edvel hier\u00e1rquico: Analista<\/li>\n<\/ul>\n<p>VALORIZADO<\/p>\n<p>Tempo de experi\u00eancia: Entre 1 e 3 anos<\/p>\n<p>HABILIDADES<\/p>\n<ul>\n<li>Forma\u00e7\u00e3o em enfermagem<\/li>\n<li>Proatividade<\/li>\n<li>Organiza\u00e7\u00e3o<\/li>\n<li>Conhecimento em pacote Office<\/li>\n<li>Comunica\u00e7\u00e3o<\/li>\n<\/ul>\n<p>Escolaridade M\u00ednima: Ensino Superior<\/p>\n","protected":false},"excerpt":{"rendered":"<p>Estamos em busca de profissional para integrar nossa equipe! Se voc\u00ea tem perfil organizado, boa comunica\u00e7\u00e3o essa oportunidade pode ser para voc\u00ea. \u2022 Realizar o acompanhamento administrativo dos enfermeiros externos, mantendo contato frequente para alinhamento de demandas e rotinas assistenciais; \u2022 Apoiar na organiza\u00e7\u00e3o e controle de documentos assistenciais (relat\u00f3rios, evolu\u00e7\u00f5es, checklists e formul\u00e1rios obrigat\u00f3rios); [&hellip;]<\/p>\n","protected":false},"author":1,"featured_media":0,"comment_status":"open","ping_status":"open","sticky":false,"template":"","format":"standard","meta":{"footnotes":""},"categories":[21],"tags":[],"class_list":["post-1720","post","type-post","status-publish","format-standard","hentry","category-rio-de-janeiro-rj"],"_links":{"self":[{"href":"https:\/\/vagas.portalemprego.com.br\/index.php?rest_route=\/wp\/v2\/posts\/1720","targetHints":{"allow":["GET"]}}],"collection":[{"href":"https:\/\/vagas.portalemprego.com.br\/index.php?rest_route=\/wp\/v2\/posts"}],"about":[{"href":"https:\/\/vagas.portalemprego.com.br\/index.php?rest_route=\/wp\/v2\/types\/post"}],"author":[{"embeddable":true,"href":"https:\/\/vagas.portalemprego.com.br\/index.php?rest_route=\/wp\/v2\/users\/1"}],"replies":[{"embeddable":true,"href":"https:\/\/vagas.portalemprego.com.br\/index.php?rest_route=%2Fwp%2Fv2%2Fcomments&post=1720"}],"version-history":[{"count":0,"href":"https:\/\/vagas.portalemprego.com.br\/index.php?rest_route=\/wp\/v2\/posts\/1720\/revisions"}],"wp:attachment":[{"href":"https:\/\/vagas.portalemprego.com.br\/index.php?rest_route=%2Fwp%2Fv2%2Fmedia&parent=1720"}],"wp:term":[{"taxonomy":"category","embeddable":true,"href":"https:\/\/vagas.portalemprego.com.br\/index.php?rest_route=%2Fwp%2Fv2%2Fcategories&post=1720"},{"taxonomy":"post_tag","embeddable":true,"href":"https:\/\/vagas.portalemprego.com.br\/index.php?rest_route=%2Fwp%2Fv2%2Ftags&post=1720"}],"curies":[{"name":"wp","href":"https:\/\/api.w.org\/{rel}","templated":true}]}}