{"id":1726,"date":"2026-04-29T06:25:25","date_gmt":"2026-04-29T09:25:25","guid":{"rendered":"https:\/\/vagas.portalemprego.com.br\/?p=1726"},"modified":"2026-04-29T06:25:25","modified_gmt":"2026-04-29T09:25:25","slug":"executivo-de-vendas-especialista-em-rental-comercial-vendas-rio-de-janeiro","status":"publish","type":"post","link":"https:\/\/vagas.portalemprego.com.br\/?p=1726","title":{"rendered":"Executivo de Vendas (Especialista em RENTAL) &#8211; Comercial, Vendas &#8211; Rio de Janeiro"},"content":{"rendered":"<p>Executivo de Vendas (Especialista em OOH)<\/p>\n<p>Sobre a oportunidade<br \/>\nBuscamos um(a) Executivo(a) de Vendas com perfil consultivo, vis\u00e3o de neg\u00f3cio e forte capacidade de negocia\u00e7\u00e3o, para atuar na prospec\u00e7\u00e3o, desenvolvimento e expans\u00e3o de clientes do mercado de RENTAL. Essa posi\u00e7\u00e3o ser\u00e1 respons\u00e1vel por impulsionar a gera\u00e7\u00e3o de receita por meio da comercializa\u00e7\u00e3o de pain\u00e9is de LED, construindo relacionamentos e transformando oportunidades em neg\u00f3cios. Se voc\u00ea gosta de atuar pr\u00f3ximo ao cliente, construir relacionamentos e transformar oportunidades em neg\u00f3cios, essa oportunidade \u00e9 para voc\u00ea.<\/p>\n<p>Seu impacto aqui:<br \/>\nProspectar e desenvolver oportunidades comerciais para venda de pain\u00e9is de LED, som e ilumina\u00e7\u00e3o no mercado de eventos e rental.<br \/>\nGerenciar o relacionamento com produtoras, ag\u00eancias, organizadores de eventos, empresas e parceiros estrat\u00e9gicos.<br \/>\nRealizar reuni\u00f5es comerciais, apresenta\u00e7\u00f5es e negocia\u00e7\u00f5es focadas em projetos e solu\u00e7\u00f5es audiovisuais.<br \/>\nEntender as necessidades dos clientes e construir propostas comerciais alinhadas aos objetivos de cada evento ou opera\u00e7\u00e3o.<br \/>\nAtuar em todo o ciclo de vendas, desde a prospec\u00e7\u00e3o at\u00e9 o fechamento e acompanhamento da entrega dos projetos.<br \/>\nDesenvolver estrat\u00e9gias para expans\u00e3o de carteira, aumento de receita e fideliza\u00e7\u00e3o de clientes do mercado rental.<br \/>\nAtualizar informa\u00e7\u00f5es no CRM, acompanhar pipeline e monitorar indicadores comerciais da opera\u00e7\u00e3o.<\/p>\n<p>O que buscamos:<br \/>\nForma\u00e7\u00e3o superior completa: Admnistra\u00e7\u00e3o, Gest\u00e3o Comercial ou \u00e1reas correlatas.<br \/>\nExperi\u00eancia pr\u00e9via em vendas consultivas em empresas do mercado de RENTAL, eventos e solu\u00e7\u00f5es audiovisuais.<br \/>\nViv\u00eancia com prospec\u00e7\u00e3o, negocia\u00e7\u00e3o e gest\u00e3o de carteira de clientes do segmento RENTAL.<br \/>\nPerfil orientado a metas, resultados e gera\u00e7\u00e3o de neg\u00f3cios<br \/>\nOrganiza\u00e7\u00e3o e disciplina na gest\u00e3o do pipeline e follow-ups<br \/>\nFacilidade com CRM, apresenta\u00e7\u00f5es comerciais e ferramentas digitais<br \/>\nIMPORTANTE: Disponibilidade para atua\u00e7\u00e3o presencial em Vargem Pequena\/RJ<\/p>\n<p>Compet\u00eancias-chave<br \/>\nNegocia\u00e7\u00e3o e persuas\u00e3o<br \/>\nVis\u00e3o de neg\u00f3cio<br \/>\nRelacionamento e influ\u00eancia<br \/>\nProatividade e senso de dono<br \/>\nOrganiza\u00e7\u00e3o e gest\u00e3o comercial<br \/>\nFoco em resultado<\/p>\n<ul>\n<li>N\u00famero de vagas: 2<\/li>\n<li>Local de trabalho: Rio de Janeiro, RJ<\/li>\n<li>Regime de contrata\u00e7\u00e3o de tipo: Prestador de Servi\u00e7os (PJ)<\/li>\n<li>Jornada: Per\u00edodo Integral<\/li>\n<li>\u00c1rea e especializa\u00e7\u00e3o profissional: Comercial, Vendas &#8211; Venda T\u00e9cnica<\/li>\n<li>N\u00edvel hier\u00e1rquico: Especialista<\/li>\n<\/ul>\n<p>HABILIDADES<\/p>\n<ul>\n<li>persuas\u00e3o<\/li>\n<li>vendas<\/li>\n<li>comercial<\/li>\n<li>capacidade de negocia\u00e7\u00e3o<\/li>\n<li>RENTAL<\/li>\n<\/ul>\n<p>Escolaridade M\u00ednima: Ensino Superior<\/p>\n<p>Disponibilidade para viajar<\/p>\n<p>Sal\u00e1rio: 8000,0<\/p>\n","protected":false},"excerpt":{"rendered":"<p>Executivo de Vendas (Especialista em OOH) Sobre a oportunidade Buscamos um(a) Executivo(a) de Vendas com perfil consultivo, vis\u00e3o de neg\u00f3cio e forte capacidade de negocia\u00e7\u00e3o, para atuar na prospec\u00e7\u00e3o, desenvolvimento e expans\u00e3o de clientes do mercado de RENTAL. Essa posi\u00e7\u00e3o ser\u00e1 respons\u00e1vel por impulsionar a gera\u00e7\u00e3o de receita por meio da comercializa\u00e7\u00e3o de pain\u00e9is de [&hellip;]<\/p>\n","protected":false},"author":1,"featured_media":0,"comment_status":"open","ping_status":"open","sticky":false,"template":"","format":"standard","meta":{"footnotes":""},"categories":[21],"tags":[],"class_list":["post-1726","post","type-post","status-publish","format-standard","hentry","category-rio-de-janeiro-rj"],"_links":{"self":[{"href":"https:\/\/vagas.portalemprego.com.br\/index.php?rest_route=\/wp\/v2\/posts\/1726","targetHints":{"allow":["GET"]}}],"collection":[{"href":"https:\/\/vagas.portalemprego.com.br\/index.php?rest_route=\/wp\/v2\/posts"}],"about":[{"href":"https:\/\/vagas.portalemprego.com.br\/index.php?rest_route=\/wp\/v2\/types\/post"}],"author":[{"embeddable":true,"href":"https:\/\/vagas.portalemprego.com.br\/index.php?rest_route=\/wp\/v2\/users\/1"}],"replies":[{"embeddable":true,"href":"https:\/\/vagas.portalemprego.com.br\/index.php?rest_route=%2Fwp%2Fv2%2Fcomments&post=1726"}],"version-history":[{"count":0,"href":"https:\/\/vagas.portalemprego.com.br\/index.php?rest_route=\/wp\/v2\/posts\/1726\/revisions"}],"wp:attachment":[{"href":"https:\/\/vagas.portalemprego.com.br\/index.php?rest_route=%2Fwp%2Fv2%2Fmedia&parent=1726"}],"wp:term":[{"taxonomy":"category","embeddable":true,"href":"https:\/\/vagas.portalemprego.com.br\/index.php?rest_route=%2Fwp%2Fv2%2Fcategories&post=1726"},{"taxonomy":"post_tag","embeddable":true,"href":"https:\/\/vagas.portalemprego.com.br\/index.php?rest_route=%2Fwp%2Fv2%2Ftags&post=1726"}],"curies":[{"name":"wp","href":"https:\/\/api.w.org\/{rel}","templated":true}]}}