{"id":1729,"date":"2026-04-29T06:25:25","date_gmt":"2026-04-29T09:25:25","guid":{"rendered":"https:\/\/vagas.portalemprego.com.br\/?p=1729"},"modified":"2026-04-29T06:25:25","modified_gmt":"2026-04-29T09:25:25","slug":"orcamentista-projetista-arquitetura-decoracao-design-rio-de-janeiro","status":"publish","type":"post","link":"https:\/\/vagas.portalemprego.com.br\/?p=1729","title":{"rendered":"Or\u00e7amentista Projetista &#8211; Arquitetura, Decora\u00e7\u00e3o, Design &#8211; Rio de Janeiro"},"content":{"rendered":"<p>?? Vaga: Or\u00e7amentista Projetista<br \/>\n?? Local de trabalho: 100% Presencial na Zona Norte do RJ<br \/>\n ?? Hor\u00e1rio: Segunda a sexta-feira, das 07h \u00e0s 17h<br \/>\n?? Principais atividades:<br \/>\nElabora\u00e7\u00e3o de or\u00e7amentos e propostas comerciais<br \/>\nPesquisa de produtos, custos e solu\u00e7\u00f5es t\u00e9cnicas<br \/>\nLevantamento de informa\u00e7\u00f5es internas para apoio aos projetos<br \/>\nContato com clientes (e-mail, telefone e WhatsApp)<br \/>\nAcompanhamento de demandas e p\u00f3s-venda<br \/>\nApoio \u00e0s atividades da \u00e1rea comercial<br \/>\n?? Forma\u00e7\u00e3o:<br \/>\nEnsino m\u00e9dio completo<br \/>\nDesej\u00e1vel estar cursando Arquitetura ou \u00e1reas correlatas<br \/>\n??? Requisitos t\u00e9cnicos:<br \/>\nConhecimento em SketchUp<br \/>\nCorelDRAW<br \/>\nAutoCAD<br \/>\nExcel<br \/>\n?? Perfil esperado:<br \/>\nOrganiza\u00e7\u00e3o e dinamismo<br \/>\nBoa comunica\u00e7\u00e3o (contato direto com clientes)<br \/>\nPerfil operacional com interface t\u00e9cnica e comercial<\/p>\n<ul>\n<li>Local de trabalho: Rio de Janeiro, RJ<\/li>\n<li>Regime de contrata\u00e7\u00e3o de tipo: Efetivo \u2013 CLT<\/li>\n<li>Jornada: Per\u00edodo Integral<\/li>\n<li>\u00c1rea e especializa\u00e7\u00e3o profissional: Arquitetura, Decora\u00e7\u00e3o, Design &#8211; Projetista<\/li>\n<li>N\u00edvel hier\u00e1rquico: Assistente<\/li>\n<\/ul>\n<p>Escolaridade M\u00ednima: Ensino M\u00e9dio (2\u00ba Grau)<\/p>\n<p>Sal\u00e1rio: 2000,0<\/p>\n","protected":false},"excerpt":{"rendered":"<p>?? Vaga: Or\u00e7amentista Projetista ?? Local de trabalho: 100% Presencial na Zona Norte do RJ ?? Hor\u00e1rio: Segunda a sexta-feira, das 07h \u00e0s 17h ?? Principais atividades: Elabora\u00e7\u00e3o de or\u00e7amentos e propostas comerciais Pesquisa de produtos, custos e solu\u00e7\u00f5es t\u00e9cnicas Levantamento de informa\u00e7\u00f5es internas para apoio aos projetos Contato com clientes (e-mail, telefone e WhatsApp) [&hellip;]<\/p>\n","protected":false},"author":1,"featured_media":0,"comment_status":"open","ping_status":"open","sticky":false,"template":"","format":"standard","meta":{"footnotes":""},"categories":[21],"tags":[],"class_list":["post-1729","post","type-post","status-publish","format-standard","hentry","category-rio-de-janeiro-rj"],"_links":{"self":[{"href":"https:\/\/vagas.portalemprego.com.br\/index.php?rest_route=\/wp\/v2\/posts\/1729","targetHints":{"allow":["GET"]}}],"collection":[{"href":"https:\/\/vagas.portalemprego.com.br\/index.php?rest_route=\/wp\/v2\/posts"}],"about":[{"href":"https:\/\/vagas.portalemprego.com.br\/index.php?rest_route=\/wp\/v2\/types\/post"}],"author":[{"embeddable":true,"href":"https:\/\/vagas.portalemprego.com.br\/index.php?rest_route=\/wp\/v2\/users\/1"}],"replies":[{"embeddable":true,"href":"https:\/\/vagas.portalemprego.com.br\/index.php?rest_route=%2Fwp%2Fv2%2Fcomments&post=1729"}],"version-history":[{"count":0,"href":"https:\/\/vagas.portalemprego.com.br\/index.php?rest_route=\/wp\/v2\/posts\/1729\/revisions"}],"wp:attachment":[{"href":"https:\/\/vagas.portalemprego.com.br\/index.php?rest_route=%2Fwp%2Fv2%2Fmedia&parent=1729"}],"wp:term":[{"taxonomy":"category","embeddable":true,"href":"https:\/\/vagas.portalemprego.com.br\/index.php?rest_route=%2Fwp%2Fv2%2Fcategories&post=1729"},{"taxonomy":"post_tag","embeddable":true,"href":"https:\/\/vagas.portalemprego.com.br\/index.php?rest_route=%2Fwp%2Fv2%2Ftags&post=1729"}],"curies":[{"name":"wp","href":"https:\/\/api.w.org\/{rel}","templated":true}]}}