{"id":1730,"date":"2026-04-29T06:25:25","date_gmt":"2026-04-29T09:25:25","guid":{"rendered":"https:\/\/vagas.portalemprego.com.br\/?p=1730"},"modified":"2026-04-29T06:25:25","modified_gmt":"2026-04-29T09:25:25","slug":"condutor-de-ambulancia-a-por-acionamento-clt-intermitente-saude-santa-cruz","status":"publish","type":"post","link":"https:\/\/vagas.portalemprego.com.br\/?p=1730","title":{"rendered":"Condutor de ambul\u00e2ncia (a) &#8211; Por acionamento CLT INTERMITENTE &#8211; Sa\u00fade &#8211; Santa Cruz"},"content":{"rendered":"<p>A BeeCorp atua h\u00e1 15 anos com solu\u00e7\u00f5es em sa\u00fade, qualidade de vida e bem-estar corporativo em todo o Brasil.<br \/>\nBuscamos profissional para atuar com Condutor de ambul\u00e2ncia em ambiente corporativo, promovendo preven\u00e7\u00e3o, bem-estar e qualidade de vida aos colaboradores.<\/p>\n<p>ANTES DE SE CANDIDATAR LEIA COM ATEN\u00c7\u00c3O A DESCRI\u00c7\u00c3O DA VAGA, \u00c9 UMA VAGA CLT POR ACIONAMENTO.<\/p>\n<p>?? Local de Atendimento : Avenida Jo\u00e3o XXIII, s\/n, Santa Cruz, Rio de Janeiro, CEP 23560-352, RJ<br \/>\nDias: Por acionamento Hor\u00e1rio: 08:00 \u00e1s 08:00<br \/>\n?? Valor: R$ 250,00 + R$ 40,00 de ajuda de custo PELO DIA TRABALHADO<br \/>\n????? Fun\u00e7\u00e3o: Condutor de Ambul\u00e2ncia<br \/>\nRequisitos obrigat\u00f3rios:<br \/>\n\u2022 Experi\u00eancia comprovada MIN 1 ANO<br \/>\n\u2022 CURSO DE APH<br \/>\n\u2022 CARTEIRA D<\/p>\n<ul>\n<li>Local de trabalho: Santa Cruz, RJ<\/li>\n<li>Regime de contrata\u00e7\u00e3o de tipo: Outros<\/li>\n<li>Jornada: Parcial manh\u00e3s<\/li>\n<li>\u00c1rea e especializa\u00e7\u00e3o profissional: Sa\u00fade &#8211; Medicina do trabalho<\/li>\n<li>N\u00edvel hier\u00e1rquico: Operacional<\/li>\n<\/ul>\n<p>VALORIZADO<\/p>\n<p>Tempo de experi\u00eancia: Entre 1 e 3 anos<\/p>\n<p>Escolaridade M\u00ednima: Ensino Fundamental (1\u00ba grau)<\/p>\n<p>Habilita\u00e7\u00e3o para dirigir: D<\/p>\n<p>Sal\u00e1rio: 500,0<\/p>\n","protected":false},"excerpt":{"rendered":"<p>A BeeCorp atua h\u00e1 15 anos com solu\u00e7\u00f5es em sa\u00fade, qualidade de vida e bem-estar corporativo em todo o Brasil. Buscamos profissional para atuar com Condutor de ambul\u00e2ncia em ambiente corporativo, promovendo preven\u00e7\u00e3o, bem-estar e qualidade de vida aos colaboradores. ANTES DE SE CANDIDATAR LEIA COM ATEN\u00c7\u00c3O A DESCRI\u00c7\u00c3O DA VAGA, \u00c9 UMA VAGA CLT [&hellip;]<\/p>\n","protected":false},"author":1,"featured_media":0,"comment_status":"open","ping_status":"open","sticky":false,"template":"","format":"standard","meta":{"footnotes":""},"categories":[21],"tags":[],"class_list":["post-1730","post","type-post","status-publish","format-standard","hentry","category-rio-de-janeiro-rj"],"_links":{"self":[{"href":"https:\/\/vagas.portalemprego.com.br\/index.php?rest_route=\/wp\/v2\/posts\/1730","targetHints":{"allow":["GET"]}}],"collection":[{"href":"https:\/\/vagas.portalemprego.com.br\/index.php?rest_route=\/wp\/v2\/posts"}],"about":[{"href":"https:\/\/vagas.portalemprego.com.br\/index.php?rest_route=\/wp\/v2\/types\/post"}],"author":[{"embeddable":true,"href":"https:\/\/vagas.portalemprego.com.br\/index.php?rest_route=\/wp\/v2\/users\/1"}],"replies":[{"embeddable":true,"href":"https:\/\/vagas.portalemprego.com.br\/index.php?rest_route=%2Fwp%2Fv2%2Fcomments&post=1730"}],"version-history":[{"count":0,"href":"https:\/\/vagas.portalemprego.com.br\/index.php?rest_route=\/wp\/v2\/posts\/1730\/revisions"}],"wp:attachment":[{"href":"https:\/\/vagas.portalemprego.com.br\/index.php?rest_route=%2Fwp%2Fv2%2Fmedia&parent=1730"}],"wp:term":[{"taxonomy":"category","embeddable":true,"href":"https:\/\/vagas.portalemprego.com.br\/index.php?rest_route=%2Fwp%2Fv2%2Fcategories&post=1730"},{"taxonomy":"post_tag","embeddable":true,"href":"https:\/\/vagas.portalemprego.com.br\/index.php?rest_route=%2Fwp%2Fv2%2Ftags&post=1730"}],"curies":[{"name":"wp","href":"https:\/\/api.w.org\/{rel}","templated":true}]}}