{"id":1733,"date":"2026-04-29T06:25:25","date_gmt":"2026-04-29T09:25:25","guid":{"rendered":"https:\/\/vagas.portalemprego.com.br\/?p=1733"},"modified":"2026-04-29T06:25:25","modified_gmt":"2026-04-29T09:25:25","slug":"lider-de-limpeza-servicos-gerais-rio-de-janeiro-8","status":"publish","type":"post","link":"https:\/\/vagas.portalemprego.com.br\/?p=1733","title":{"rendered":"L\u00edder de Limpeza &#8211; Servi\u00e7os Gerais &#8211; Rio de Janeiro"},"content":{"rendered":"<p>Oportunidade<br \/>\nFun\u00e7\u00f5es:<br \/>\nGerenciar equipes de limpeza<br \/>\nCoordenar atividades de limpeza e manuten\u00e7\u00e3o<br \/>\nAcompanhar a execu\u00e7\u00e3o de servi\u00e7os<br \/>\nColaborar com outros setores para garantir ambientes limpos e seguros<\/p>\n<p>Requisitos:<br \/>\nExperi\u00eancia em gest\u00e3o de equipes de limpeza<br \/>\nConhecimento em normas de higiene e seguran\u00e7a<br \/>\nResidir na zona norte RJ<br \/>\nCapacidade de organiza\u00e7\u00e3o e planejamento<br \/>\nHabilidade para comunica\u00e7\u00e3o e lideran\u00e7a<\/p>\n<p>Benef\u00edcios:<br \/>\nOferecemos um ambiente de trabalho colaborativo<br \/>\nVoc\u00ea ter\u00e1 acesso a treinamentos e desenvolvimento profissional<br \/>\nAmbiente seguro e agrad\u00e1vel<\/p>\n<ul>\n<li>N\u00famero de vagas: 5<\/li>\n<li>Local de trabalho: Rio de Janeiro, RJ<\/li>\n<li>Regime de contrata\u00e7\u00e3o de tipo: Efetivo \u2013 CLT<\/li>\n<li>Jornada: Per\u00edodo Integral<\/li>\n<li>\u00c1rea e especializa\u00e7\u00e3o profissional: Servi\u00e7os Gerais &#8211; Limpeza<\/li>\n<li>N\u00edvel hier\u00e1rquico: Encarregado<\/li>\n<\/ul>\n<p>VALORIZADO<\/p>\n<p>Tempo de experi\u00eancia: Entre 1 e 3 anos<\/p>\n<p>Escolaridade M\u00ednima: Ensino Fundamental (1\u00ba grau)<\/p>\n<p>Sal\u00e1rio: 1735,0<\/p>\n","protected":false},"excerpt":{"rendered":"<p>Oportunidade Fun\u00e7\u00f5es: Gerenciar equipes de limpeza Coordenar atividades de limpeza e manuten\u00e7\u00e3o Acompanhar a execu\u00e7\u00e3o de servi\u00e7os Colaborar com outros setores para garantir ambientes limpos e seguros Requisitos: Experi\u00eancia em gest\u00e3o de equipes de limpeza Conhecimento em normas de higiene e seguran\u00e7a Residir na zona norte RJ Capacidade de organiza\u00e7\u00e3o e planejamento Habilidade para comunica\u00e7\u00e3o [&hellip;]<\/p>\n","protected":false},"author":1,"featured_media":0,"comment_status":"open","ping_status":"open","sticky":false,"template":"","format":"standard","meta":{"footnotes":""},"categories":[21],"tags":[],"class_list":["post-1733","post","type-post","status-publish","format-standard","hentry","category-rio-de-janeiro-rj"],"_links":{"self":[{"href":"https:\/\/vagas.portalemprego.com.br\/index.php?rest_route=\/wp\/v2\/posts\/1733","targetHints":{"allow":["GET"]}}],"collection":[{"href":"https:\/\/vagas.portalemprego.com.br\/index.php?rest_route=\/wp\/v2\/posts"}],"about":[{"href":"https:\/\/vagas.portalemprego.com.br\/index.php?rest_route=\/wp\/v2\/types\/post"}],"author":[{"embeddable":true,"href":"https:\/\/vagas.portalemprego.com.br\/index.php?rest_route=\/wp\/v2\/users\/1"}],"replies":[{"embeddable":true,"href":"https:\/\/vagas.portalemprego.com.br\/index.php?rest_route=%2Fwp%2Fv2%2Fcomments&post=1733"}],"version-history":[{"count":0,"href":"https:\/\/vagas.portalemprego.com.br\/index.php?rest_route=\/wp\/v2\/posts\/1733\/revisions"}],"wp:attachment":[{"href":"https:\/\/vagas.portalemprego.com.br\/index.php?rest_route=%2Fwp%2Fv2%2Fmedia&parent=1733"}],"wp:term":[{"taxonomy":"category","embeddable":true,"href":"https:\/\/vagas.portalemprego.com.br\/index.php?rest_route=%2Fwp%2Fv2%2Fcategories&post=1733"},{"taxonomy":"post_tag","embeddable":true,"href":"https:\/\/vagas.portalemprego.com.br\/index.php?rest_route=%2Fwp%2Fv2%2Ftags&post=1733"}],"curies":[{"name":"wp","href":"https:\/\/api.w.org\/{rel}","templated":true}]}}