{"id":1736,"date":"2026-04-29T06:25:25","date_gmt":"2026-04-29T09:25:25","guid":{"rendered":"https:\/\/vagas.portalemprego.com.br\/?p=1736"},"modified":"2026-04-29T06:25:25","modified_gmt":"2026-04-29T09:25:25","slug":"repositor-de-frios-acougue-atacadao-comercial-vendas-campos-dos-goytacazes","status":"publish","type":"post","link":"https:\/\/vagas.portalemprego.com.br\/?p=1736","title":{"rendered":"Repositor de  Frios (A\u00e7ougue) &#8211; ATACAD\u00c3O &#8211; Comercial, Vendas &#8211; Campos dos Goytacazes"},"content":{"rendered":"<p>Respons\u00e1vel por manter a \u00e1rea do a\u00e7ougue organizada, garantindo que os produtos estejam adequadamente dispostos, frescos e prontos para venda;<br \/>\nReposi\u00e7\u00e3o de produtos;<br \/>\nEmbalagem de carnes;<br \/>\nAtendimento ao cliente e apoio geral \u00e0s opera\u00e7\u00f5es do a\u00e7ougue;<br \/>\nInspe\u00e7\u00e3o de qualidade;<br \/>\nEtiquetar os produtos de carne com informa\u00e7\u00f5es importantes, como data de validade, precifica\u00e7\u00e3o, pesagem, de acordo com as diretrizes da empresa;<br \/>\nManter o setor organizado, de acordo com as regulamenta\u00e7\u00f5es aplic\u00e1veis de higieniza\u00e7\u00e3o e vigil\u00e2ncia sanit\u00e1ria;<br \/>\nAcompanhar e realizar o invent\u00e1rio dos produtos das \u00e1reas internas e externas.<\/p>\n<p>Requisitos:<br \/>\nEnsino m\u00e9dio completo<br \/>\nDisponibilidade para atuar em escala 6&#215;1<\/p>\n<ul>\n<li>Local de trabalho: Campos dos Goytacazes, RJ<\/li>\n<li>Regime de contrata\u00e7\u00e3o de tipo: Efetivo \u2013 CLT<\/li>\n<li>Jornada: Per\u00edodo Integral<\/li>\n<li>\u00c1rea e especializa\u00e7\u00e3o profissional: Comercial, Vendas &#8211; Lojas \/ Shopping<\/li>\n<li>N\u00edvel hier\u00e1rquico: Operacional<\/li>\n<\/ul>\n<p>Escolaridade M\u00ednima: Ensino M\u00e9dio (2\u00ba Grau)<\/p>\n<ul>\n<li>Vale Transporte<\/li>\n<li>Caf\u00e9 da manh\u00e3<\/li>\n<li>Cesta de natal<\/li>\n<li>Estacionamento<\/li>\n<li>Assist\u00eancia odontol\u00f3gica<\/li>\n<li>Assist\u00eancia m\u00e9dica<\/li>\n<li>Seguro de Vida<\/li>\n<li>Refei\u00e7\u00e3o no local<\/li>\n<li>TotalPass<\/li>\n<li>PRL<\/li>\n<li>Cooperativa de Cr\u00e9dito<\/li>\n<li>Enxoval de beb\u00ea<\/li>\n<\/ul>\n","protected":false},"excerpt":{"rendered":"<p>Respons\u00e1vel por manter a \u00e1rea do a\u00e7ougue organizada, garantindo que os produtos estejam adequadamente dispostos, frescos e prontos para venda; Reposi\u00e7\u00e3o de produtos; Embalagem de carnes; Atendimento ao cliente e apoio geral \u00e0s opera\u00e7\u00f5es do a\u00e7ougue; Inspe\u00e7\u00e3o de qualidade; Etiquetar os produtos de carne com informa\u00e7\u00f5es importantes, como data de validade, precifica\u00e7\u00e3o, pesagem, de acordo [&hellip;]<\/p>\n","protected":false},"author":1,"featured_media":0,"comment_status":"open","ping_status":"open","sticky":false,"template":"","format":"standard","meta":{"footnotes":""},"categories":[21],"tags":[],"class_list":["post-1736","post","type-post","status-publish","format-standard","hentry","category-rio-de-janeiro-rj"],"_links":{"self":[{"href":"https:\/\/vagas.portalemprego.com.br\/index.php?rest_route=\/wp\/v2\/posts\/1736","targetHints":{"allow":["GET"]}}],"collection":[{"href":"https:\/\/vagas.portalemprego.com.br\/index.php?rest_route=\/wp\/v2\/posts"}],"about":[{"href":"https:\/\/vagas.portalemprego.com.br\/index.php?rest_route=\/wp\/v2\/types\/post"}],"author":[{"embeddable":true,"href":"https:\/\/vagas.portalemprego.com.br\/index.php?rest_route=\/wp\/v2\/users\/1"}],"replies":[{"embeddable":true,"href":"https:\/\/vagas.portalemprego.com.br\/index.php?rest_route=%2Fwp%2Fv2%2Fcomments&post=1736"}],"version-history":[{"count":0,"href":"https:\/\/vagas.portalemprego.com.br\/index.php?rest_route=\/wp\/v2\/posts\/1736\/revisions"}],"wp:attachment":[{"href":"https:\/\/vagas.portalemprego.com.br\/index.php?rest_route=%2Fwp%2Fv2%2Fmedia&parent=1736"}],"wp:term":[{"taxonomy":"category","embeddable":true,"href":"https:\/\/vagas.portalemprego.com.br\/index.php?rest_route=%2Fwp%2Fv2%2Fcategories&post=1736"},{"taxonomy":"post_tag","embeddable":true,"href":"https:\/\/vagas.portalemprego.com.br\/index.php?rest_route=%2Fwp%2Fv2%2Ftags&post=1736"}],"curies":[{"name":"wp","href":"https:\/\/api.w.org\/{rel}","templated":true}]}}