{"id":1740,"date":"2026-04-29T06:25:25","date_gmt":"2026-04-29T09:25:25","guid":{"rendered":"https:\/\/vagas.portalemprego.com.br\/?p=1740"},"modified":"2026-04-29T06:25:25","modified_gmt":"2026-04-29T09:25:25","slug":"almoxarife-compras-macae","status":"publish","type":"post","link":"https:\/\/vagas.portalemprego.com.br\/?p=1740","title":{"rendered":"Almoxarife &#8211; Compras &#8211; Maca\u00e9"},"content":{"rendered":"<p>Respons\u00e1vel por controlar, organizar e armazenar materiais no almoxarifado, realizando o recebimento, confer\u00eancia, registro e distribui\u00e7\u00e3o de produtos. Tamb\u00e9m monitora o estoque, solicita reposi\u00e7\u00e3o quando necess\u00e1rio e garante que os materiais estejam armazenados corretamente para facilitar o controle e a utiliza\u00e7\u00e3o.<\/p>\n<ul>\n<li>Local de trabalho: Maca\u00e9, RJ<\/li>\n<li>Regime de contrata\u00e7\u00e3o de tipo: Efetivo \u2013 CLT<\/li>\n<li>Jornada: Per\u00edodo Integral<\/li>\n<li>\u00c1rea e especializa\u00e7\u00e3o profissional: Compras &#8211; Almoxarifado<\/li>\n<li>N\u00edvel hier\u00e1rquico: Operacional<\/li>\n<\/ul>\n<p>Escolaridade M\u00ednima: Ensino M\u00e9dio (2\u00ba Grau)<\/p>\n<p>Sal\u00e1rio: 2465,7<\/p>\n","protected":false},"excerpt":{"rendered":"<p>Respons\u00e1vel por controlar, organizar e armazenar materiais no almoxarifado, realizando o recebimento, confer\u00eancia, registro e distribui\u00e7\u00e3o de produtos. Tamb\u00e9m monitora o estoque, solicita reposi\u00e7\u00e3o quando necess\u00e1rio e garante que os materiais estejam armazenados corretamente para facilitar o controle e a utiliza\u00e7\u00e3o. Local de trabalho: Maca\u00e9, RJ Regime de contrata\u00e7\u00e3o de tipo: Efetivo \u2013 CLT Jornada: [&hellip;]<\/p>\n","protected":false},"author":1,"featured_media":0,"comment_status":"open","ping_status":"open","sticky":false,"template":"","format":"standard","meta":{"footnotes":""},"categories":[21],"tags":[],"class_list":["post-1740","post","type-post","status-publish","format-standard","hentry","category-rio-de-janeiro-rj"],"_links":{"self":[{"href":"https:\/\/vagas.portalemprego.com.br\/index.php?rest_route=\/wp\/v2\/posts\/1740","targetHints":{"allow":["GET"]}}],"collection":[{"href":"https:\/\/vagas.portalemprego.com.br\/index.php?rest_route=\/wp\/v2\/posts"}],"about":[{"href":"https:\/\/vagas.portalemprego.com.br\/index.php?rest_route=\/wp\/v2\/types\/post"}],"author":[{"embeddable":true,"href":"https:\/\/vagas.portalemprego.com.br\/index.php?rest_route=\/wp\/v2\/users\/1"}],"replies":[{"embeddable":true,"href":"https:\/\/vagas.portalemprego.com.br\/index.php?rest_route=%2Fwp%2Fv2%2Fcomments&post=1740"}],"version-history":[{"count":0,"href":"https:\/\/vagas.portalemprego.com.br\/index.php?rest_route=\/wp\/v2\/posts\/1740\/revisions"}],"wp:attachment":[{"href":"https:\/\/vagas.portalemprego.com.br\/index.php?rest_route=%2Fwp%2Fv2%2Fmedia&parent=1740"}],"wp:term":[{"taxonomy":"category","embeddable":true,"href":"https:\/\/vagas.portalemprego.com.br\/index.php?rest_route=%2Fwp%2Fv2%2Fcategories&post=1740"},{"taxonomy":"post_tag","embeddable":true,"href":"https:\/\/vagas.portalemprego.com.br\/index.php?rest_route=%2Fwp%2Fv2%2Ftags&post=1740"}],"curies":[{"name":"wp","href":"https:\/\/api.w.org\/{rel}","templated":true}]}}