{"id":1741,"date":"2026-04-29T06:26:26","date_gmt":"2026-04-29T09:26:26","guid":{"rendered":"https:\/\/vagas.portalemprego.com.br\/?p=1741"},"modified":"2026-04-29T06:26:26","modified_gmt":"2026-04-29T09:26:26","slug":"advogado-jr-juridica-rio-de-janeiro","status":"publish","type":"post","link":"https:\/\/vagas.portalemprego.com.br\/?p=1741","title":{"rendered":"Advogado JR &#8211; Jur\u00eddica &#8211; Rio de Janeiro"},"content":{"rendered":"<p>Atuar na Reclamada;<br \/>\nElabora\u00e7\u00e3o de pe\u00e7as de defesas, recursos;<br \/>\nParticipar de Audi\u00eancias;<br \/>\nDentre outras  atividades pertinentes a fun\u00e7\u00e3o do cargo.<br \/>\nNecess\u00e1rio OAB Ativo.<\/p>\n<ul>\n<li>Local de trabalho: Rio de Janeiro, RJ<\/li>\n<li>Regime de contrata\u00e7\u00e3o de tipo: Efetivo \u2013 CLT<\/li>\n<li>Jornada: Per\u00edodo Integral<\/li>\n<li>\u00c1rea e especializa\u00e7\u00e3o profissional: Jur\u00eddica &#8211; Trabalhista<\/li>\n<li>N\u00edvel hier\u00e1rquico: Analista<\/li>\n<\/ul>\n<p>VALORIZADO<\/p>\n<p>Tempo de experi\u00eancia: Menos de 1 ano<\/p>\n<p>Escolaridade M\u00ednima: Ensino Superior<\/p>\n<p>Forma\u00e7\u00e3o desejada:<\/p>\n<ul>\n<li>Direito, Ensino Superior<\/li>\n<\/ul>\n<ul>\n<li>Vale-transporte<\/li>\n<li>Vale-refei\u00e7\u00e3o<\/li>\n<li>Assist\u00eancia m\u00e9dica<\/li>\n<li>Vale-alimenta\u00e7\u00e3o<\/li>\n<\/ul>\n<p>Sal\u00e1rio: 4175,41<\/p>\n","protected":false},"excerpt":{"rendered":"<p>Atuar na Reclamada; Elabora\u00e7\u00e3o de pe\u00e7as de defesas, recursos; Participar de Audi\u00eancias; Dentre outras atividades pertinentes a fun\u00e7\u00e3o do cargo. Necess\u00e1rio OAB Ativo. Local de trabalho: Rio de Janeiro, RJ Regime de contrata\u00e7\u00e3o de tipo: Efetivo \u2013 CLT Jornada: Per\u00edodo Integral \u00c1rea e especializa\u00e7\u00e3o profissional: Jur\u00eddica &#8211; Trabalhista N\u00edvel hier\u00e1rquico: Analista VALORIZADO Tempo de experi\u00eancia: [&hellip;]<\/p>\n","protected":false},"author":1,"featured_media":0,"comment_status":"open","ping_status":"open","sticky":false,"template":"","format":"standard","meta":{"footnotes":""},"categories":[21],"tags":[],"class_list":["post-1741","post","type-post","status-publish","format-standard","hentry","category-rio-de-janeiro-rj"],"_links":{"self":[{"href":"https:\/\/vagas.portalemprego.com.br\/index.php?rest_route=\/wp\/v2\/posts\/1741","targetHints":{"allow":["GET"]}}],"collection":[{"href":"https:\/\/vagas.portalemprego.com.br\/index.php?rest_route=\/wp\/v2\/posts"}],"about":[{"href":"https:\/\/vagas.portalemprego.com.br\/index.php?rest_route=\/wp\/v2\/types\/post"}],"author":[{"embeddable":true,"href":"https:\/\/vagas.portalemprego.com.br\/index.php?rest_route=\/wp\/v2\/users\/1"}],"replies":[{"embeddable":true,"href":"https:\/\/vagas.portalemprego.com.br\/index.php?rest_route=%2Fwp%2Fv2%2Fcomments&post=1741"}],"version-history":[{"count":0,"href":"https:\/\/vagas.portalemprego.com.br\/index.php?rest_route=\/wp\/v2\/posts\/1741\/revisions"}],"wp:attachment":[{"href":"https:\/\/vagas.portalemprego.com.br\/index.php?rest_route=%2Fwp%2Fv2%2Fmedia&parent=1741"}],"wp:term":[{"taxonomy":"category","embeddable":true,"href":"https:\/\/vagas.portalemprego.com.br\/index.php?rest_route=%2Fwp%2Fv2%2Fcategories&post=1741"},{"taxonomy":"post_tag","embeddable":true,"href":"https:\/\/vagas.portalemprego.com.br\/index.php?rest_route=%2Fwp%2Fv2%2Ftags&post=1741"}],"curies":[{"name":"wp","href":"https:\/\/api.w.org\/{rel}","templated":true}]}}