{"id":1743,"date":"2026-04-29T06:26:26","date_gmt":"2026-04-29T09:26:26","guid":{"rendered":"https:\/\/vagas.portalemprego.com.br\/?p=1743"},"modified":"2026-04-29T06:26:26","modified_gmt":"2026-04-29T09:26:26","slug":"supervisor-comercial-comercial-vendas-angra-dos-reis","status":"publish","type":"post","link":"https:\/\/vagas.portalemprego.com.br\/?p=1743","title":{"rendered":"Supervisor Comercial &#8211; Comercial, Vendas &#8211; Angra dos Reis"},"content":{"rendered":"<p>Principais atividades:<br \/>\nGest\u00e3o de Equipe: Liderar, treinar, motivar e avaliar o desempenho dos vendedores, oferecendo suporte em vendas complexas e dando feedback construtivo.<br \/>\nGest\u00e3o de Metas: Definir, acompanhar e cobrar as metas di\u00e1rias, semanais e mensais de vendas.<br \/>\nEstrat\u00e9gias Comerciais: Implementar estrat\u00e9gias de vendas, monitorar processos e otimizar rotinas de trabalho para aumentar a efici\u00eancia e produtividade.<br \/>\nMonitoramento de Resultados: Acompanhar indicadores-chave de desempenho (KPIs), analisar relat\u00f3rios de vendas e apresentar resultados para a ger\u00eancia.<br \/>\nRelacionamento com Cliente: Gerenciar o relacionamento com clientes estrat\u00e9gicos, visando a satisfa\u00e7\u00e3o e fideliza\u00e7\u00e3o.<br \/>\nApoio Operacional: Resolver problemas operacionais, assegurar o cumprimento de processos e garantir que a equipe tenha as ferramentas necess\u00e1rias para trabalhar.<\/p>\n<ul>\n<li>Local de trabalho: Angra dos Reis, RJ<\/li>\n<li>Regime de contrata\u00e7\u00e3o de tipo: Efetivo \u2013 CLT<\/li>\n<li>Jornada: Per\u00edodo Integral<\/li>\n<li>\u00c1rea e especializa\u00e7\u00e3o profissional: Comercial, Vendas &#8211; Atendimento<\/li>\n<li>N\u00edvel hier\u00e1rquico: Supervisor<\/li>\n<\/ul>\n<p>VALORIZADO<\/p>\n<p>Tempo de experi\u00eancia: Entre 3 e 5 anos<\/p>\n<p>HABILIDADES<\/p>\n<ul>\n<li>Vis\u00e3o estrat\u00e9gica<\/li>\n<li>boa comunica\u00e7\u00e3o<\/li>\n<li>agilidade<\/li>\n<li>Foco em resultados<\/li>\n<li>Poder de negocia\u00e7\u00e3o<\/li>\n<\/ul>\n<p>Escolaridade M\u00ednima: Ensino Superior<\/p>\n<p>Habilita\u00e7\u00e3o para dirigir: B<\/p>\n","protected":false},"excerpt":{"rendered":"<p>Principais atividades: Gest\u00e3o de Equipe: Liderar, treinar, motivar e avaliar o desempenho dos vendedores, oferecendo suporte em vendas complexas e dando feedback construtivo. Gest\u00e3o de Metas: Definir, acompanhar e cobrar as metas di\u00e1rias, semanais e mensais de vendas. Estrat\u00e9gias Comerciais: Implementar estrat\u00e9gias de vendas, monitorar processos e otimizar rotinas de trabalho para aumentar a efici\u00eancia [&hellip;]<\/p>\n","protected":false},"author":1,"featured_media":0,"comment_status":"open","ping_status":"open","sticky":false,"template":"","format":"standard","meta":{"footnotes":""},"categories":[21],"tags":[],"class_list":["post-1743","post","type-post","status-publish","format-standard","hentry","category-rio-de-janeiro-rj"],"_links":{"self":[{"href":"https:\/\/vagas.portalemprego.com.br\/index.php?rest_route=\/wp\/v2\/posts\/1743","targetHints":{"allow":["GET"]}}],"collection":[{"href":"https:\/\/vagas.portalemprego.com.br\/index.php?rest_route=\/wp\/v2\/posts"}],"about":[{"href":"https:\/\/vagas.portalemprego.com.br\/index.php?rest_route=\/wp\/v2\/types\/post"}],"author":[{"embeddable":true,"href":"https:\/\/vagas.portalemprego.com.br\/index.php?rest_route=\/wp\/v2\/users\/1"}],"replies":[{"embeddable":true,"href":"https:\/\/vagas.portalemprego.com.br\/index.php?rest_route=%2Fwp%2Fv2%2Fcomments&post=1743"}],"version-history":[{"count":0,"href":"https:\/\/vagas.portalemprego.com.br\/index.php?rest_route=\/wp\/v2\/posts\/1743\/revisions"}],"wp:attachment":[{"href":"https:\/\/vagas.portalemprego.com.br\/index.php?rest_route=%2Fwp%2Fv2%2Fmedia&parent=1743"}],"wp:term":[{"taxonomy":"category","embeddable":true,"href":"https:\/\/vagas.portalemprego.com.br\/index.php?rest_route=%2Fwp%2Fv2%2Fcategories&post=1743"},{"taxonomy":"post_tag","embeddable":true,"href":"https:\/\/vagas.portalemprego.com.br\/index.php?rest_route=%2Fwp%2Fv2%2Ftags&post=1743"}],"curies":[{"name":"wp","href":"https:\/\/api.w.org\/{rel}","templated":true}]}}