{"id":1745,"date":"2026-04-29T06:26:26","date_gmt":"2026-04-29T09:26:26","guid":{"rendered":"https:\/\/vagas.portalemprego.com.br\/?p=1745"},"modified":"2026-04-29T06:26:26","modified_gmt":"2026-04-29T09:26:26","slug":"atendente-de-cafeteria-alimentacao-gastronomia-rio-de-janeiro-2","status":"publish","type":"post","link":"https:\/\/vagas.portalemprego.com.br\/?p=1745","title":{"rendered":"ATENDENTE DE CAFETERIA &#8211; Alimenta\u00e7\u00e3o \/ Gastronomia &#8211; Rio de Janeiro"},"content":{"rendered":"<p>Sal\u00e1rio: R$ 1.658,80 + comiss\u00e3o<br \/>\nLocal: Santa Teresa \u2013 RJ<br \/>\nHor\u00e1rio: Turno de abertura<br \/>\nBENEF\u00cdCIOS<br \/>\nAlmo\u00e7o no local<br \/>\nVR ap\u00f3s 3 meses<br \/>\nConv\u00eanio com o SESC<br \/>\nO QUE VOC\u00ca VAI FAZER<br \/>\nAtendimento no balc\u00e3o e mesas<br \/>\nPreparo de caf\u00e9s, sucos, lanches e tapiocas<br \/>\nOrganiza\u00e7\u00e3o e reposi\u00e7\u00e3o de produtos<br \/>\nApoio na limpeza e organiza\u00e7\u00e3o do ambiente<br \/>\nO QUE PRECISA TER<br \/>\nExperi\u00eancia em cafeteria, padaria ou lanchonete (m\u00edn. 6 meses)<br \/>\nF\u00e1cil acesso a Santa Teresa<br \/>\nSer \u00e1gil, respons\u00e1vel e gostar de atendimento<br \/>\nPREFER\u00caNCIA PARA MORADORES PR\u00d3XIMOS OU COM F\u00c1CIL ACESSO A SANTA TERESA<br \/>\nDIFERENCIAL<br \/>\nJ\u00e1 ter trabalhado com sistema (Raffinato ou similar)<br \/>\nExperi\u00eancia com preparo de alimentos<br \/>\nSOBRE A VAGA<br \/>\nAqui cada pessoa tem um papel importante no dia a dia. Procuramos algu\u00e9m comprometido, organizado e que queira trabalhar de verdade. A empresa apoia no dia a dia, mas valoriza quem chega no hor\u00e1rio, faz bem feito e ajuda a equipe.<br \/>\nIMPORTANTE<br \/>\nVaga para in\u00edcio imediato<br \/>\nPrefer\u00eancia para quem j\u00e1 trabalhou com atendimento<\/p>\n<ul>\n<li>Local de trabalho: Rio de Janeiro, RJ<\/li>\n<li>Regime de contrata\u00e7\u00e3o de tipo: Efetivo \u2013 CLT<\/li>\n<li>Jornada: Parcial manh\u00e3s<\/li>\n<li>\u00c1rea e especializa\u00e7\u00e3o profissional: Alimenta\u00e7\u00e3o \/ Gastronomia &#8211; Lanchonete, Fast Food, Cafeteria<\/li>\n<li>N\u00edvel hier\u00e1rquico: Operacional<\/li>\n<\/ul>\n<p>Escolaridade M\u00ednima: Ensino M\u00e9dio (2\u00ba Grau)<\/p>\n<p>Sal\u00e1rio: 2000,0<\/p>\n","protected":false},"excerpt":{"rendered":"<p>Sal\u00e1rio: R$ 1.658,80 + comiss\u00e3o Local: Santa Teresa \u2013 RJ Hor\u00e1rio: Turno de abertura BENEF\u00cdCIOS Almo\u00e7o no local VR ap\u00f3s 3 meses Conv\u00eanio com o SESC O QUE VOC\u00ca VAI FAZER Atendimento no balc\u00e3o e mesas Preparo de caf\u00e9s, sucos, lanches e tapiocas Organiza\u00e7\u00e3o e reposi\u00e7\u00e3o de produtos Apoio na limpeza e organiza\u00e7\u00e3o do ambiente [&hellip;]<\/p>\n","protected":false},"author":1,"featured_media":0,"comment_status":"open","ping_status":"open","sticky":false,"template":"","format":"standard","meta":{"footnotes":""},"categories":[21],"tags":[],"class_list":["post-1745","post","type-post","status-publish","format-standard","hentry","category-rio-de-janeiro-rj"],"_links":{"self":[{"href":"https:\/\/vagas.portalemprego.com.br\/index.php?rest_route=\/wp\/v2\/posts\/1745","targetHints":{"allow":["GET"]}}],"collection":[{"href":"https:\/\/vagas.portalemprego.com.br\/index.php?rest_route=\/wp\/v2\/posts"}],"about":[{"href":"https:\/\/vagas.portalemprego.com.br\/index.php?rest_route=\/wp\/v2\/types\/post"}],"author":[{"embeddable":true,"href":"https:\/\/vagas.portalemprego.com.br\/index.php?rest_route=\/wp\/v2\/users\/1"}],"replies":[{"embeddable":true,"href":"https:\/\/vagas.portalemprego.com.br\/index.php?rest_route=%2Fwp%2Fv2%2Fcomments&post=1745"}],"version-history":[{"count":0,"href":"https:\/\/vagas.portalemprego.com.br\/index.php?rest_route=\/wp\/v2\/posts\/1745\/revisions"}],"wp:attachment":[{"href":"https:\/\/vagas.portalemprego.com.br\/index.php?rest_route=%2Fwp%2Fv2%2Fmedia&parent=1745"}],"wp:term":[{"taxonomy":"category","embeddable":true,"href":"https:\/\/vagas.portalemprego.com.br\/index.php?rest_route=%2Fwp%2Fv2%2Fcategories&post=1745"},{"taxonomy":"post_tag","embeddable":true,"href":"https:\/\/vagas.portalemprego.com.br\/index.php?rest_route=%2Fwp%2Fv2%2Ftags&post=1745"}],"curies":[{"name":"wp","href":"https:\/\/api.w.org\/{rel}","templated":true}]}}