{"id":1748,"date":"2026-04-29T06:26:26","date_gmt":"2026-04-29T09:26:26","guid":{"rendered":"https:\/\/vagas.portalemprego.com.br\/?p=1748"},"modified":"2026-04-29T06:26:26","modified_gmt":"2026-04-29T09:26:26","slug":"auxiliar-de-saude-bucal-recreio-do-bandeirantes-rj-saude-rio-de-janeiro","status":"publish","type":"post","link":"https:\/\/vagas.portalemprego.com.br\/?p=1748","title":{"rendered":"Auxiliar de Sa\u00fade Bucal | Recreio do Bandeirantes  &#8211; RJ &#8211; Sa\u00fade &#8211; Rio de Janeiro"},"content":{"rendered":"<p>A OdontoCompany  est\u00e1 atualmente \u00e0 procura de um profissional qualificado e dedicado para o cargo de Auxiliar de Sa\u00fade Bucal .<\/p>\n<p>Requisitos:<br \/>\nCurso completo de Auxiliar de Sa\u00fade Bucal (ASB);<br \/>\nCRO ativo na fun\u00e7\u00e3o de ASB;<br \/>\nBoa organiza\u00e7\u00e3o e aten\u00e7\u00e3o aos detalhes;<br \/>\nPerfil proativo e din\u00e2mico;<br \/>\nFacilidade para trabalhar em equipe;<br \/>\nDesej\u00e1vel: experi\u00eancia anterior na fun\u00e7\u00e3o.<\/p>\n<p>Responsabilidades:<br \/>\nAuxiliar os dentistas durante os procedimentos cl\u00ednicos;Preparar as salas para os atendimentos;<br \/>\nExecutar a Limpeza, esteriliza\u00e7\u00e3o dos materiais, realizando controle de datas;<br \/>\nRealizar o teste biol\u00f3gico conforme as normas de biosseguran\u00e7a;Cuidar do expurgo de materiais;<br \/>\nControlar o estoque e reposi\u00e7\u00e3o de materiais;<br \/>\nFazer o controle e organiza\u00e7\u00e3o de pr\u00f3teses (entrada, sa\u00edda e armazenamento adequado).<\/p>\n<p>Aguardamos a sua candidatura!<\/p>\n<ul>\n<li>Local de trabalho: Rio de Janeiro, RJ<\/li>\n<li>Regime de contrata\u00e7\u00e3o de tipo: Efetivo \u2013 CLT<\/li>\n<li>Jornada: Per\u00edodo Integral<\/li>\n<li>\u00c1rea e especializa\u00e7\u00e3o profissional: Sa\u00fade &#8211; Odontologia<\/li>\n<li>N\u00edvel hier\u00e1rquico: Auxiliar<\/li>\n<\/ul>\n<p>VALORIZADO<\/p>\n<p>Tempo de experi\u00eancia: Entre 3 e 5 anos<\/p>\n<p>HABILIDADES<\/p>\n<ul>\n<li>Trabalho em Equipe<\/li>\n<li>Experi\u00eancia na \u00e1rea<\/li>\n<li>Forma\u00e7\u00e3o como Auxiliar de Sa\u00fade<\/li>\n<li>CRO Ativo<\/li>\n<\/ul>\n<p>Escolaridade M\u00ednima: Curso T\u00e9cnico<\/p>\n<ul>\n<li>Insalubridade<\/li>\n<\/ul>\n","protected":false},"excerpt":{"rendered":"<p>A OdontoCompany est\u00e1 atualmente \u00e0 procura de um profissional qualificado e dedicado para o cargo de Auxiliar de Sa\u00fade Bucal . Requisitos: Curso completo de Auxiliar de Sa\u00fade Bucal (ASB); CRO ativo na fun\u00e7\u00e3o de ASB; Boa organiza\u00e7\u00e3o e aten\u00e7\u00e3o aos detalhes; Perfil proativo e din\u00e2mico; Facilidade para trabalhar em equipe; Desej\u00e1vel: experi\u00eancia anterior na [&hellip;]<\/p>\n","protected":false},"author":1,"featured_media":0,"comment_status":"open","ping_status":"open","sticky":false,"template":"","format":"standard","meta":{"footnotes":""},"categories":[21],"tags":[],"class_list":["post-1748","post","type-post","status-publish","format-standard","hentry","category-rio-de-janeiro-rj"],"_links":{"self":[{"href":"https:\/\/vagas.portalemprego.com.br\/index.php?rest_route=\/wp\/v2\/posts\/1748","targetHints":{"allow":["GET"]}}],"collection":[{"href":"https:\/\/vagas.portalemprego.com.br\/index.php?rest_route=\/wp\/v2\/posts"}],"about":[{"href":"https:\/\/vagas.portalemprego.com.br\/index.php?rest_route=\/wp\/v2\/types\/post"}],"author":[{"embeddable":true,"href":"https:\/\/vagas.portalemprego.com.br\/index.php?rest_route=\/wp\/v2\/users\/1"}],"replies":[{"embeddable":true,"href":"https:\/\/vagas.portalemprego.com.br\/index.php?rest_route=%2Fwp%2Fv2%2Fcomments&post=1748"}],"version-history":[{"count":0,"href":"https:\/\/vagas.portalemprego.com.br\/index.php?rest_route=\/wp\/v2\/posts\/1748\/revisions"}],"wp:attachment":[{"href":"https:\/\/vagas.portalemprego.com.br\/index.php?rest_route=%2Fwp%2Fv2%2Fmedia&parent=1748"}],"wp:term":[{"taxonomy":"category","embeddable":true,"href":"https:\/\/vagas.portalemprego.com.br\/index.php?rest_route=%2Fwp%2Fv2%2Fcategories&post=1748"},{"taxonomy":"post_tag","embeddable":true,"href":"https:\/\/vagas.portalemprego.com.br\/index.php?rest_route=%2Fwp%2Fv2%2Ftags&post=1748"}],"curies":[{"name":"wp","href":"https:\/\/api.w.org\/{rel}","templated":true}]}}