{"id":1750,"date":"2026-04-29T06:26:26","date_gmt":"2026-04-29T09:26:26","guid":{"rendered":"https:\/\/vagas.portalemprego.com.br\/?p=1750"},"modified":"2026-04-29T06:26:26","modified_gmt":"2026-04-29T09:26:26","slug":"consultor-de-vendas-comercial-vendas-rio-de-janeiro","status":"publish","type":"post","link":"https:\/\/vagas.portalemprego.com.br\/?p=1750","title":{"rendered":"Consultor de Vendas &#8211; Comercial, Vendas &#8211; Rio de Janeiro"},"content":{"rendered":"<p>Vaga: Consultor(a) de Vendas<br \/>\nLocal: Casa Shopping \u2013 Barra da Tijuca<br \/>\nSal\u00e1rio: R$ 2.500,00 fixo + comiss\u00e3o (m\u00e9dia de R$ 2.500,00)<br \/>\nBenef\u00edcios: Vale-alimenta\u00e7\u00e3o de R$ 30,00 por dia<br \/>\nHor\u00e1rio:<br \/>\nEscala 6&#215;1<br \/>\nSegunda a s\u00e1bado: 11h \u00e0s 20h<br \/>\nDomingos e feriados: 14h \u00e0s 20h<br \/>\n1 folga de s\u00e1bado e 1 domingo por m\u00eas<br \/>\nRequisitos:<br \/>\nExperi\u00eancia no mercado de luxo (joalheria, artes, moda, arquitetura ou segmentos similares)<br \/>\nPerfil comercial, com foco em vendas e atendimento ao cliente de alto padr\u00e3o<br \/>\nAtividades:<br \/>\nAtendimento consultivo ao cliente<br \/>\nApresenta\u00e7\u00e3o de produtos e fechamento de vendas<br \/>\nOrganiza\u00e7\u00e3o do espa\u00e7o de vendas<br \/>\nAcompanhamento de metas e resultados<\/p>\n<ul>\n<li>Local de trabalho: Rio de Janeiro, RJ<\/li>\n<li>Regime de contrata\u00e7\u00e3o de tipo: Efetivo \u2013 CLT<\/li>\n<li>Jornada: Per\u00edodo Integral<\/li>\n<li>\u00c1rea e especializa\u00e7\u00e3o profissional: Comercial, Vendas &#8211; Venda Externa<\/li>\n<li>N\u00edvel hier\u00e1rquico: Consultor<\/li>\n<\/ul>\n<p>Escolaridade M\u00ednima: Ensino M\u00e9dio (2\u00ba Grau)<\/p>\n<p>Sal\u00e1rio: 5000,0<\/p>\n","protected":false},"excerpt":{"rendered":"<p>Vaga: Consultor(a) de Vendas Local: Casa Shopping \u2013 Barra da Tijuca Sal\u00e1rio: R$ 2.500,00 fixo + comiss\u00e3o (m\u00e9dia de R$ 2.500,00) Benef\u00edcios: Vale-alimenta\u00e7\u00e3o de R$ 30,00 por dia Hor\u00e1rio: Escala 6&#215;1 Segunda a s\u00e1bado: 11h \u00e0s 20h Domingos e feriados: 14h \u00e0s 20h 1 folga de s\u00e1bado e 1 domingo por m\u00eas Requisitos: Experi\u00eancia no [&hellip;]<\/p>\n","protected":false},"author":1,"featured_media":0,"comment_status":"open","ping_status":"open","sticky":false,"template":"","format":"standard","meta":{"footnotes":""},"categories":[21],"tags":[],"class_list":["post-1750","post","type-post","status-publish","format-standard","hentry","category-rio-de-janeiro-rj"],"_links":{"self":[{"href":"https:\/\/vagas.portalemprego.com.br\/index.php?rest_route=\/wp\/v2\/posts\/1750","targetHints":{"allow":["GET"]}}],"collection":[{"href":"https:\/\/vagas.portalemprego.com.br\/index.php?rest_route=\/wp\/v2\/posts"}],"about":[{"href":"https:\/\/vagas.portalemprego.com.br\/index.php?rest_route=\/wp\/v2\/types\/post"}],"author":[{"embeddable":true,"href":"https:\/\/vagas.portalemprego.com.br\/index.php?rest_route=\/wp\/v2\/users\/1"}],"replies":[{"embeddable":true,"href":"https:\/\/vagas.portalemprego.com.br\/index.php?rest_route=%2Fwp%2Fv2%2Fcomments&post=1750"}],"version-history":[{"count":0,"href":"https:\/\/vagas.portalemprego.com.br\/index.php?rest_route=\/wp\/v2\/posts\/1750\/revisions"}],"wp:attachment":[{"href":"https:\/\/vagas.portalemprego.com.br\/index.php?rest_route=%2Fwp%2Fv2%2Fmedia&parent=1750"}],"wp:term":[{"taxonomy":"category","embeddable":true,"href":"https:\/\/vagas.portalemprego.com.br\/index.php?rest_route=%2Fwp%2Fv2%2Fcategories&post=1750"},{"taxonomy":"post_tag","embeddable":true,"href":"https:\/\/vagas.portalemprego.com.br\/index.php?rest_route=%2Fwp%2Fv2%2Ftags&post=1750"}],"curies":[{"name":"wp","href":"https:\/\/api.w.org\/{rel}","templated":true}]}}