{"id":1751,"date":"2026-04-29T06:26:26","date_gmt":"2026-04-29T09:26:26","guid":{"rendered":"https:\/\/vagas.portalemprego.com.br\/?p=1751"},"modified":"2026-04-29T06:26:26","modified_gmt":"2026-04-29T09:26:26","slug":"protetico-freguesia-rj-saude-rio-de-janeiro","status":"publish","type":"post","link":"https:\/\/vagas.portalemprego.com.br\/?p=1751","title":{"rendered":"Prot\u00e9tico  | Freguesia &#8211; RJ &#8211; Sa\u00fade &#8211; Rio de Janeiro"},"content":{"rendered":"<p>Principais Responsabilidades:<br \/>\n&#8211; Fabricar pr\u00f3teses dent\u00e1rias de acordo com as especifica\u00e7\u00f5es;<br \/>\n&#8211; Manter registros precisos de trabalhos conclu\u00eddos;<br \/>\n&#8211; Manter o ambiente de trabalho limpo e organizado.<\/p>\n<p>Requisitos:<br \/>\n&#8211; Forma\u00e7\u00e3o em pr\u00f3tese conclu\u00eddo;<br \/>\n&#8211; Experi\u00eancia comprovada na \u00e1rea;<br \/>\n&#8211; Conhecimento em fabrica\u00e7\u00e3o de pr\u00f3teses dent\u00e1rias fixas e remov\u00edveis;<br \/>\n&#8211; Habilidade em trabalhar com precis\u00e3o e aten\u00e7\u00e3o aos detalhes;<br \/>\n&#8211; Boa comunica\u00e7\u00e3o e trabalho em equipe.<\/p>\n<p>Se\u00a0voc\u00ea\u00a0\u00e9\u00a0um\u00a0profissional\u00a0\u00a0apaixonado\u00a0por\u00a0sua\u00a0profiss\u00e3o\u00a0e\u00a0deseja\u00a0fazer\u00a0parte\u00a0de\u00a0uma\u00a0equipe\u00a0dedicada.Se\u00a0inscreva\u00a0em\u00a0nossa\u00a0vaga.<\/p>\n<ul>\n<li>Local de trabalho: Rio de Janeiro, RJ<\/li>\n<li>Regime de contrata\u00e7\u00e3o de tipo: Aut\u00f4nomo<\/li>\n<li>Jornada: Per\u00edodo Integral<\/li>\n<li>\u00c1rea e especializa\u00e7\u00e3o profissional: Sa\u00fade &#8211; Pr\u00f3tese Dent\u00e1ria<\/li>\n<li>N\u00edvel hier\u00e1rquico: Especialista<\/li>\n<\/ul>\n<p>HABILIDADES<\/p>\n<ul>\n<li>Pr\u00f3tese<\/li>\n<\/ul>\n<p>Escolaridade M\u00ednima: Curso T\u00e9cnico<\/p>\n","protected":false},"excerpt":{"rendered":"<p>Principais Responsabilidades: &#8211; Fabricar pr\u00f3teses dent\u00e1rias de acordo com as especifica\u00e7\u00f5es; &#8211; Manter registros precisos de trabalhos conclu\u00eddos; &#8211; Manter o ambiente de trabalho limpo e organizado. Requisitos: &#8211; Forma\u00e7\u00e3o em pr\u00f3tese conclu\u00eddo; &#8211; Experi\u00eancia comprovada na \u00e1rea; &#8211; Conhecimento em fabrica\u00e7\u00e3o de pr\u00f3teses dent\u00e1rias fixas e remov\u00edveis; &#8211; Habilidade em trabalhar com precis\u00e3o e [&hellip;]<\/p>\n","protected":false},"author":1,"featured_media":0,"comment_status":"open","ping_status":"open","sticky":false,"template":"","format":"standard","meta":{"footnotes":""},"categories":[21],"tags":[],"class_list":["post-1751","post","type-post","status-publish","format-standard","hentry","category-rio-de-janeiro-rj"],"_links":{"self":[{"href":"https:\/\/vagas.portalemprego.com.br\/index.php?rest_route=\/wp\/v2\/posts\/1751","targetHints":{"allow":["GET"]}}],"collection":[{"href":"https:\/\/vagas.portalemprego.com.br\/index.php?rest_route=\/wp\/v2\/posts"}],"about":[{"href":"https:\/\/vagas.portalemprego.com.br\/index.php?rest_route=\/wp\/v2\/types\/post"}],"author":[{"embeddable":true,"href":"https:\/\/vagas.portalemprego.com.br\/index.php?rest_route=\/wp\/v2\/users\/1"}],"replies":[{"embeddable":true,"href":"https:\/\/vagas.portalemprego.com.br\/index.php?rest_route=%2Fwp%2Fv2%2Fcomments&post=1751"}],"version-history":[{"count":0,"href":"https:\/\/vagas.portalemprego.com.br\/index.php?rest_route=\/wp\/v2\/posts\/1751\/revisions"}],"wp:attachment":[{"href":"https:\/\/vagas.portalemprego.com.br\/index.php?rest_route=%2Fwp%2Fv2%2Fmedia&parent=1751"}],"wp:term":[{"taxonomy":"category","embeddable":true,"href":"https:\/\/vagas.portalemprego.com.br\/index.php?rest_route=%2Fwp%2Fv2%2Fcategories&post=1751"},{"taxonomy":"post_tag","embeddable":true,"href":"https:\/\/vagas.portalemprego.com.br\/index.php?rest_route=%2Fwp%2Fv2%2Ftags&post=1751"}],"curies":[{"name":"wp","href":"https:\/\/api.w.org\/{rel}","templated":true}]}}