{"id":1755,"date":"2026-04-29T06:26:26","date_gmt":"2026-04-29T09:26:26","guid":{"rendered":"https:\/\/vagas.portalemprego.com.br\/?p=1755"},"modified":"2026-04-29T06:26:26","modified_gmt":"2026-04-29T09:26:26","slug":"advogado-previdenciario-juridica-rio-de-janeiro","status":"publish","type":"post","link":"https:\/\/vagas.portalemprego.com.br\/?p=1755","title":{"rendered":"Advogado Previdenci\u00e1rio &#8211; Jur\u00eddica &#8211; Rio de Janeiro"},"content":{"rendered":"<p>VAGA \u2013 ADVOGADO(A) PREVIDENCIARISTA | FOCO COMERCIAL E CONVERS\u00c3O DE LEADS<br \/>\nLocal: Centro \u2013 Rio de Janeiro\/RJ<br \/>\nModalidade: Presencial<br \/>\nRegime: Associado<br \/>\nHor\u00e1rio: Segunda a sexta-feira | hor\u00e1rio comercial<br \/>\nRemunera\u00e7\u00e3o fixa: R$ 5.000,00<br \/>\nPosi\u00e7\u00e3o estrat\u00e9gica: oportunidade com forte impacto no crescimento da opera\u00e7\u00e3o digital e comercial do escrit\u00f3rio<br \/>\nSobre a oportunidade<br \/>\nEscrit\u00f3rio de advocacia busca Advogado(a) Previdenciarista para atua\u00e7\u00e3o presencial no Centro do Rio de Janeiro\/RJ, com foco em atendimento consultivo de leads, convers\u00e3o de novos clientes e condu\u00e7\u00e3o t\u00e9cnica de demandas previdenci\u00e1rias.<br \/>\nA posi\u00e7\u00e3o \u00e9 ideal para profissionais com boa comunica\u00e7\u00e3o, perfil comercial, acolhimento, capacidade de persuas\u00e3o e seguran\u00e7a t\u00e9cnica, especialmente para atuar na linha de frente do escrit\u00f3rio em atendimentos vindos do digital, reuni\u00f5es estrat\u00e9gicas e fechamento consultivo.<br \/>\nA carteira atual possui baixo volume operacional, tornando a vaga altamente estrat\u00e9gica para apoiar a expans\u00e3o do escrit\u00f3rio, especialmente em benef\u00edcios como aux\u00edlio-doen\u00e7a, aux\u00edlio-acidente, sal\u00e1rio-maternidade e BPC\/LOAS.<br \/>\nPrincipais atividades<br \/>\n\u2022 Atendimento de leads via WhatsApp, telefone e videochamada;<br \/>\n\u2022 Condu\u00e7\u00e3o de reuni\u00f5es consultivas com foco em convers\u00e3o;<br \/>\n\u2022 An\u00e1lise inicial de viabilidade jur\u00eddica dos casos;<br \/>\n\u2022 Explica\u00e7\u00e3o de estrat\u00e9gia jur\u00eddica ao potencial cliente;<br \/>\n\u2022 Elabora\u00e7\u00e3o de requerimentos administrativos e recursos junto ao INSS;<br \/>\n\u2022 Confec\u00e7\u00e3o de peti\u00e7\u00f5es iniciais e manifesta\u00e7\u00f5es processuais;<br \/>\n\u2022 Controle de prazos e acompanhamento da carteira ativa;<br \/>\n\u2022 Alimenta\u00e7\u00e3o de CRM e sistema jur\u00eddico interno;<br \/>\n\u2022 Interface entre comercial, atendimento e opera\u00e7\u00e3o jur\u00eddica.<br \/>\nPerfil desejado<br \/>\n\u2022 Gradua\u00e7\u00e3o em Direito com OAB ativa;<br \/>\n\u2022 Experi\u00eancia pr\u00e9via em Direito Previdenci\u00e1rio;<br \/>\n\u2022 Viv\u00eancia com aux\u00edlio-doen\u00e7a, aux\u00edlio-acidente, sal\u00e1rio-maternidade e BPC\/LOAS;<br \/>\n\u2022 Boa comunica\u00e7\u00e3o verbal e poder de persuas\u00e3o;<br \/>\n\u2022 Perfil comercial, acolhedor e orientado \u00e0 convers\u00e3o;<br \/>\n\u2022 Organiza\u00e7\u00e3o e seguran\u00e7a t\u00e9cnica no atendimento;<br \/>\n\u2022 Facilidade com atendimento digital, videochamadas e relacionamento com leads;<br \/>\n\u2022 Diferencial: experi\u00eancia com CRM, funil comercial e fechamento consultivo.<br \/>\nExcelente oportunidade para advogado(a) que deseja unir atua\u00e7\u00e3o jur\u00eddica e comercial, participar do crescimento digital do escrit\u00f3rio e construir uma posi\u00e7\u00e3o estrat\u00e9gica com alta visibilidade interna.<\/p>\n<ul>\n<li>Local de trabalho: Rio de Janeiro, RJ<\/li>\n<li>Regime de contrata\u00e7\u00e3o de tipo: Aut\u00f4nomo<\/li>\n<li>Jornada: Per\u00edodo Integral<\/li>\n<li>\u00c1rea e especializa\u00e7\u00e3o profissional: Jur\u00eddica &#8211; Previdenci\u00e1rio<\/li>\n<li>N\u00edvel hier\u00e1rquico: Especialista<\/li>\n<\/ul>\n<p>VALORIZADO<\/p>\n<p>Tempo de experi\u00eancia: Entre 1 e 3 anos<\/p>\n<p>HABILIDADES<\/p>\n<ul>\n<li>Persuas\u00e3o<\/li>\n<li>Comunica\u00e7\u00e3o<\/li>\n<li>Consultivo<\/li>\n<li>Atua\u00e7\u00e3o<\/li>\n<li>Lei corporativa<\/li>\n<li>Foco em resultados<\/li>\n<li>Direito civil<\/li>\n<li>Capacidade de coordena\u00e7\u00e3o<\/li>\n<li>Seguran\u00e7a<\/li>\n<li>Opera\u00e7\u00f5es<\/li>\n<\/ul>\n<p>Escolaridade M\u00ednima: Ensino Superior<\/p>\n<p>Sal\u00e1rio: 5100,0<\/p>\n","protected":false},"excerpt":{"rendered":"<p>VAGA \u2013 ADVOGADO(A) PREVIDENCIARISTA | FOCO COMERCIAL E CONVERS\u00c3O DE LEADS Local: Centro \u2013 Rio de Janeiro\/RJ Modalidade: Presencial Regime: Associado Hor\u00e1rio: Segunda a sexta-feira | hor\u00e1rio comercial Remunera\u00e7\u00e3o fixa: R$ 5.000,00 Posi\u00e7\u00e3o estrat\u00e9gica: oportunidade com forte impacto no crescimento da opera\u00e7\u00e3o digital e comercial do escrit\u00f3rio Sobre a oportunidade Escrit\u00f3rio de advocacia busca Advogado(a) [&hellip;]<\/p>\n","protected":false},"author":1,"featured_media":0,"comment_status":"open","ping_status":"open","sticky":false,"template":"","format":"standard","meta":{"footnotes":""},"categories":[21],"tags":[],"class_list":["post-1755","post","type-post","status-publish","format-standard","hentry","category-rio-de-janeiro-rj"],"_links":{"self":[{"href":"https:\/\/vagas.portalemprego.com.br\/index.php?rest_route=\/wp\/v2\/posts\/1755","targetHints":{"allow":["GET"]}}],"collection":[{"href":"https:\/\/vagas.portalemprego.com.br\/index.php?rest_route=\/wp\/v2\/posts"}],"about":[{"href":"https:\/\/vagas.portalemprego.com.br\/index.php?rest_route=\/wp\/v2\/types\/post"}],"author":[{"embeddable":true,"href":"https:\/\/vagas.portalemprego.com.br\/index.php?rest_route=\/wp\/v2\/users\/1"}],"replies":[{"embeddable":true,"href":"https:\/\/vagas.portalemprego.com.br\/index.php?rest_route=%2Fwp%2Fv2%2Fcomments&post=1755"}],"version-history":[{"count":0,"href":"https:\/\/vagas.portalemprego.com.br\/index.php?rest_route=\/wp\/v2\/posts\/1755\/revisions"}],"wp:attachment":[{"href":"https:\/\/vagas.portalemprego.com.br\/index.php?rest_route=%2Fwp%2Fv2%2Fmedia&parent=1755"}],"wp:term":[{"taxonomy":"category","embeddable":true,"href":"https:\/\/vagas.portalemprego.com.br\/index.php?rest_route=%2Fwp%2Fv2%2Fcategories&post=1755"},{"taxonomy":"post_tag","embeddable":true,"href":"https:\/\/vagas.portalemprego.com.br\/index.php?rest_route=%2Fwp%2Fv2%2Ftags&post=1755"}],"curies":[{"name":"wp","href":"https:\/\/api.w.org\/{rel}","templated":true}]}}