{"id":1756,"date":"2026-04-29T06:26:26","date_gmt":"2026-04-29T09:26:26","guid":{"rendered":"https:\/\/vagas.portalemprego.com.br\/?p=1756"},"modified":"2026-04-29T06:26:26","modified_gmt":"2026-04-29T09:26:26","slug":"eletromecanico-construcao-manutencao-rio-de-janeiro-2","status":"publish","type":"post","link":"https:\/\/vagas.portalemprego.com.br\/?p=1756","title":{"rendered":"Eletromec\u00e2nico &#8211; Constru\u00e7\u00e3o, Manuten\u00e7\u00e3o &#8211; Rio de Janeiro"},"content":{"rendered":"<p>?? Cargo: Eletromec\u00e2nico<br \/>\n?? Local: S\u00e3o Francisco Xavier &#8211; Rio de Janeiro. Vaga para atuar como Volante.<br \/>\n?? Hor\u00e1rio: Segunda \u00e0 sexta de 07h \u00e0s 16h e s\u00e1bados alternados de 07h \u00e0s 16h<br \/>\n?? Remunera\u00e7\u00e3o: R$ 2.790,71<br \/>\n?? Benef\u00edcios: Plano de Sa\u00fade e Odontol\u00f3gico, Seguro de Vida, Vale Alimenta\u00e7\u00e3o ou Refei\u00e7\u00e3o, Vale Transporte e Gympass.<\/p>\n<p>? Requisitos<br \/>\n? Curso: T\u00e9cnico em Eletrot\u00e9cnica, Mec\u00e2nico Industrial e Refrigera\u00e7\u00e3o;<br \/>\n\u2022 Conhecimento em Comandos el\u00e9tricos, Instrumenta\u00e7\u00e3o industrial, controladores de equipamentos de refrigera\u00e7\u00e3o, inversores de frequ\u00eancia, softstaters, leitura e desenvolvimento de diagramas el\u00e9tricos e sistemas de Refrigera\u00e7\u00e3o Comercial e Industrial;<br \/>\n\u2022 Experi\u00eancia pr\u00e9via em manuten\u00e7\u00f5es preventivas \/ corretivas de sistemas de refrigera\u00e7\u00e3o e climatiza\u00e7\u00e3o;<br \/>\n\u2022 CNH B e cursos profissionalizantes s\u00e3o considerados diferenciais; <\/p>\n<p>?? Responsabilidades do cargo<br \/>\n\u2022 Executar manuten\u00e7\u00e3o preventiva e corretiva em sistemas comerciais e industriais de refrigera\u00e7\u00e3o;<br \/>\n\u2022 Realizar ajustes, corre\u00e7\u00f5es e instala\u00e7\u00f5es em sistemas de refrigera\u00e7\u00e3o (sistema de prote\u00e7\u00e3o eletromec\u00e2nica, sistemas de automa\u00e7\u00e3o voltados para refrigera\u00e7\u00e3o comercial e industrial.);<br \/>\n\u2022 Manuten\u00e7\u00e3o em quadros el\u00e9tricos com inversores, softstarter, PLC\u2019s ou controladores voltados para sistemas de refrigera\u00e7\u00e3o;<br \/>\n\u2022 Atuar na manuten\u00e7\u00e3o de sistemas: Frio Alimentar (Centrais frigor\u00edficos e c\u00e2maras frias) Climatiza\u00e7\u00e3o (Chillers, bombas, fancoils, VRF, Inverter, Split\u00f5es, Splits e ACJ);<br \/>\n\u2022 Liderar equipes de manuten\u00e7\u00e3o;<br \/>\n\u2022 Manter boa comunica\u00e7\u00e3o com o cliente;<\/p>\n<ul>\n<li>Local de trabalho: Rio de Janeiro, RJ<\/li>\n<li>Regime de contrata\u00e7\u00e3o de tipo: Efetivo \u2013 CLT<\/li>\n<li>Jornada: Per\u00edodo Integral<\/li>\n<li>\u00c1rea e especializa\u00e7\u00e3o profissional: Constru\u00e7\u00e3o, Manuten\u00e7\u00e3o &#8211; Manuten\u00e7\u00e3o e Instala\u00e7\u00f5es<\/li>\n<li>N\u00edvel hier\u00e1rquico: Especialista<\/li>\n<\/ul>\n<p>HABILIDADES<\/p>\n<ul>\n<li>Curso t\u00e9cnico adicional em refrigera\u00e7\u00e3o, el\u00e9trica ou automa\u00e7\u00e3o;<\/li>\n<li>Conhecimento em comando el\u00e9tricos e sistema de automa\u00e7\u00e3o voltados para climatiza\u00e7\u00e3o e frio  alimentar<\/li>\n<li>CNH categoria B ser\u00e1 considerada um diferencial.<\/li>\n<\/ul>\n<p>Escolaridade M\u00ednima: Curso T\u00e9cnico<\/p>\n<p>Forma\u00e7\u00e3o desejada:<\/p>\n<ul>\n<li>Refrigera\u00e7\u00e3o e climatiza\u00e7\u00e3o, Curso T\u00e9cnico<\/li>\n<\/ul>\n<ul>\n<li>Conv\u00eanio com Academia<\/li>\n<li>Plano Odontol\u00f3gico<\/li>\n<li>Plano de Sa\u00fade<\/li>\n<li>VR (R$28,87 &#8211; por dia trabalhado)<\/li>\n<li>VT<\/li>\n<li>Seguro de Vida<\/li>\n<\/ul>\n<p>Sal\u00e1rio: 2790,71<\/p>\n","protected":false},"excerpt":{"rendered":"<p>?? Cargo: Eletromec\u00e2nico ?? Local: S\u00e3o Francisco Xavier &#8211; Rio de Janeiro. Vaga para atuar como Volante. ?? Hor\u00e1rio: Segunda \u00e0 sexta de 07h \u00e0s 16h e s\u00e1bados alternados de 07h \u00e0s 16h ?? Remunera\u00e7\u00e3o: R$ 2.790,71 ?? Benef\u00edcios: Plano de Sa\u00fade e Odontol\u00f3gico, Seguro de Vida, Vale Alimenta\u00e7\u00e3o ou Refei\u00e7\u00e3o, Vale Transporte e Gympass. [&hellip;]<\/p>\n","protected":false},"author":1,"featured_media":0,"comment_status":"open","ping_status":"open","sticky":false,"template":"","format":"standard","meta":{"footnotes":""},"categories":[21],"tags":[],"class_list":["post-1756","post","type-post","status-publish","format-standard","hentry","category-rio-de-janeiro-rj"],"_links":{"self":[{"href":"https:\/\/vagas.portalemprego.com.br\/index.php?rest_route=\/wp\/v2\/posts\/1756","targetHints":{"allow":["GET"]}}],"collection":[{"href":"https:\/\/vagas.portalemprego.com.br\/index.php?rest_route=\/wp\/v2\/posts"}],"about":[{"href":"https:\/\/vagas.portalemprego.com.br\/index.php?rest_route=\/wp\/v2\/types\/post"}],"author":[{"embeddable":true,"href":"https:\/\/vagas.portalemprego.com.br\/index.php?rest_route=\/wp\/v2\/users\/1"}],"replies":[{"embeddable":true,"href":"https:\/\/vagas.portalemprego.com.br\/index.php?rest_route=%2Fwp%2Fv2%2Fcomments&post=1756"}],"version-history":[{"count":0,"href":"https:\/\/vagas.portalemprego.com.br\/index.php?rest_route=\/wp\/v2\/posts\/1756\/revisions"}],"wp:attachment":[{"href":"https:\/\/vagas.portalemprego.com.br\/index.php?rest_route=%2Fwp%2Fv2%2Fmedia&parent=1756"}],"wp:term":[{"taxonomy":"category","embeddable":true,"href":"https:\/\/vagas.portalemprego.com.br\/index.php?rest_route=%2Fwp%2Fv2%2Fcategories&post=1756"},{"taxonomy":"post_tag","embeddable":true,"href":"https:\/\/vagas.portalemprego.com.br\/index.php?rest_route=%2Fwp%2Fv2%2Ftags&post=1756"}],"curies":[{"name":"wp","href":"https:\/\/api.w.org\/{rel}","templated":true}]}}