{"id":1760,"date":"2026-04-29T06:26:26","date_gmt":"2026-04-29T09:26:26","guid":{"rendered":"https:\/\/vagas.portalemprego.com.br\/?p=1760"},"modified":"2026-04-29T06:26:26","modified_gmt":"2026-04-29T09:26:26","slug":"assistente-de-midias-digitais-clinica-de-dermatologia-clt-barra-tijuca-rj-marketing-rio-de-janeiro","status":"publish","type":"post","link":"https:\/\/vagas.portalemprego.com.br\/?p=1760","title":{"rendered":"ASSISTENTE DE MIDIAS DIGITAIS | CL\u00cdNICA DE DERMATOLOGIA | CLT | BARRA TIJUCA \u2013 RJ &#8211; Marketing &#8211; Rio de Janeiro"},"content":{"rendered":"<p>Oportunidade: <\/p>\n<p>*ASSISTENTE DE MIDIAS DIGITAIS | CL\u00cdNICA DE DERMATOLOGIA | CLT | BARRA TIJUCA \u2013 RJ*<\/p>\n<p>?? *Principais Responsabilidades:*<br \/>\n\u2022\u00a0\u00a0\u00a0\u00a0\u00a0\u00a0\u00a0\u00a0\u00a0\u00a0\u00a0\u00a0 M\u00eddias Digitais: Produzir conte\u00fado relacionado aos procedimentos realizados na Cl\u00ednica e nos Cursos Virtuais que s\u00e3o oferecidos pela m\u00e9dica respons\u00e1vel;<br \/>\n\u2022\u00a0\u00a0\u00a0\u00a0\u00a0\u00a0\u00a0\u00a0\u00a0\u00a0\u00a0\u00a0 Produ\u00e7\u00e3o de V\u00eddeo: Planejar, gravar, editar e publicar conte\u00fado para divulga\u00e7\u00e3o em redes sociais.<br \/>\n\u2022\u00a0\u00a0\u00a0\u00a0\u00a0\u00a0\u00a0\u00a0\u00a0\u00a0\u00a0\u00a0 An\u00e1lise e Planejamento: Montar intera\u00e7\u00f5es com os usu\u00e1rios; analisar o desempenho das campanhas; desenvolver cronograma de campanhas; criar estrat\u00e9gias de conte\u00fado para m\u00eddias que estejam alinhadas com os objetivos da cl\u00ednica.<\/p>\n<p>?? *Requisitos:*<br \/>\n\u2022\u00a0\u00a0\u00a0\u00a0\u00a0\u00a0\u00a0\u00a0\u00a0\u00a0\u00a0\u00a0 Superior Completo ou em curso: Marketing, Publicidade e \u00e1reas e cursos e\/ou especializa\u00e7\u00e3o em M\u00eddias Digitais ser\u00e1 um diferencial;<br \/>\n\u2022\u00a0\u00a0\u00a0\u00a0\u00a0\u00a0\u00a0\u00a0\u00a0\u00a0\u00a0\u00a0 Experi\u00eancia nas fun\u00e7\u00f5es solicitadas para o cargo;<br \/>\n\u2022\u00a0\u00a0\u00a0\u00a0\u00a0\u00a0\u00a0\u00a0\u00a0\u00a0\u00a0\u00a0 Habilidade para cria\u00e7\u00e3o de conte\u00fado que gerem atra\u00e7\u00e3o e engajamento;<br \/>\n\u2022\u00a0\u00a0\u00a0\u00a0\u00a0\u00a0\u00a0\u00a0\u00a0\u00a0\u00a0\u00a0 Interesse por m\u00eddias digitais;<br \/>\n\u2022\u00a0\u00a0\u00a0\u00a0\u00a0\u00a0\u00a0\u00a0\u00a0\u00a0\u00a0\u00a0 Proatividade e criatividade;<br \/>\n\u2022\u00a0\u00a0\u00a0\u00a0\u00a0\u00a0\u00a0\u00a0\u00a0\u00a0\u00a0\u00a0 Boa comunica\u00e7\u00e3o interpessoal;<br \/>\n\u2022\u00a0\u00a0\u00a0\u00a0\u00a0\u00a0\u00a0\u00a0\u00a0\u00a0\u00a0\u00a0 Interesse pela \u00e1rea de sa\u00fade e beleza.<\/p>\n<p>?? *Formato e Hor\u00e1rio:*<br \/>\n\u2022\u00a0\u00a0\u00a0\u00a0\u00a0\u00a0\u00a0\u00a0\u00a0\u00a0\u00a0\u00a0 CLT;<br \/>\n\u2022\u00a0\u00a0\u00a0\u00a0\u00a0\u00a0\u00a0\u00a0\u00a0\u00a0\u00a0\u00a0 Presencial;<br \/>\n\u2022\u00a0\u00a0\u00a0\u00a0\u00a0\u00a0\u00a0\u00a0\u00a0\u00a0\u00a0\u00a0 Segunda a sexta: 9hs as 18hs.<\/p>\n<p>?? *Oportunidade Oferece:*<br \/>\n\u2022\u00a0\u00a0\u00a0\u00a0\u00a0\u00a0\u00a0\u00a0\u00a0\u00a0\u00a0\u00a0 Sal\u00e1rio: R$ 2.500,00;<br \/>\n\u2022\u00a0\u00a0\u00a0\u00a0\u00a0\u00a0\u00a0\u00a0\u00a0\u00a0\u00a0\u00a0 VT;<br \/>\n\u2022\u00a0\u00a0\u00a0\u00a0\u00a0\u00a0\u00a0\u00a0\u00a0\u00a0\u00a0\u00a0 Aux\u00edlio Alimenta\u00e7\u00e3o: R$ 350,00 (mensal);<br \/>\n\u2022\u00a0\u00a0\u00a0\u00a0\u00a0\u00a0\u00a0\u00a0\u00a0\u00a0\u00a0\u00a0 Oportunidade\u00a0de\u00a0Crescimento;<\/p>\n<ul>\n<li>Local de trabalho: Rio de Janeiro, RJ<\/li>\n<li>Regime de contrata\u00e7\u00e3o de tipo: Efetivo \u2013 CLT<\/li>\n<li>Jornada: Per\u00edodo Integral<\/li>\n<li>\u00c1rea e especializa\u00e7\u00e3o profissional: Marketing &#8211; Marketing<\/li>\n<li>N\u00edvel hier\u00e1rquico: Assistente<\/li>\n<\/ul>\n<p>VALORIZADO<\/p>\n<p>Tempo de experi\u00eancia: Entre 1 e 3 anos<\/p>\n<p>Escolaridade M\u00ednima: Ensino Superior<\/p>\n<p>Sal\u00e1rio: 3000,0<\/p>\n","protected":false},"excerpt":{"rendered":"<p>Oportunidade: *ASSISTENTE DE MIDIAS DIGITAIS | CL\u00cdNICA DE DERMATOLOGIA | CLT | BARRA TIJUCA \u2013 RJ* ?? *Principais Responsabilidades:* \u2022\u00a0\u00a0\u00a0\u00a0\u00a0\u00a0\u00a0\u00a0\u00a0\u00a0\u00a0\u00a0 M\u00eddias Digitais: Produzir conte\u00fado relacionado aos procedimentos realizados na Cl\u00ednica e nos Cursos Virtuais que s\u00e3o oferecidos pela m\u00e9dica respons\u00e1vel; \u2022\u00a0\u00a0\u00a0\u00a0\u00a0\u00a0\u00a0\u00a0\u00a0\u00a0\u00a0\u00a0 Produ\u00e7\u00e3o de V\u00eddeo: Planejar, gravar, editar e publicar conte\u00fado para divulga\u00e7\u00e3o em redes sociais. [&hellip;]<\/p>\n","protected":false},"author":1,"featured_media":0,"comment_status":"open","ping_status":"open","sticky":false,"template":"","format":"standard","meta":{"footnotes":""},"categories":[21],"tags":[],"class_list":["post-1760","post","type-post","status-publish","format-standard","hentry","category-rio-de-janeiro-rj"],"_links":{"self":[{"href":"https:\/\/vagas.portalemprego.com.br\/index.php?rest_route=\/wp\/v2\/posts\/1760","targetHints":{"allow":["GET"]}}],"collection":[{"href":"https:\/\/vagas.portalemprego.com.br\/index.php?rest_route=\/wp\/v2\/posts"}],"about":[{"href":"https:\/\/vagas.portalemprego.com.br\/index.php?rest_route=\/wp\/v2\/types\/post"}],"author":[{"embeddable":true,"href":"https:\/\/vagas.portalemprego.com.br\/index.php?rest_route=\/wp\/v2\/users\/1"}],"replies":[{"embeddable":true,"href":"https:\/\/vagas.portalemprego.com.br\/index.php?rest_route=%2Fwp%2Fv2%2Fcomments&post=1760"}],"version-history":[{"count":0,"href":"https:\/\/vagas.portalemprego.com.br\/index.php?rest_route=\/wp\/v2\/posts\/1760\/revisions"}],"wp:attachment":[{"href":"https:\/\/vagas.portalemprego.com.br\/index.php?rest_route=%2Fwp%2Fv2%2Fmedia&parent=1760"}],"wp:term":[{"taxonomy":"category","embeddable":true,"href":"https:\/\/vagas.portalemprego.com.br\/index.php?rest_route=%2Fwp%2Fv2%2Fcategories&post=1760"},{"taxonomy":"post_tag","embeddable":true,"href":"https:\/\/vagas.portalemprego.com.br\/index.php?rest_route=%2Fwp%2Fv2%2Ftags&post=1760"}],"curies":[{"name":"wp","href":"https:\/\/api.w.org\/{rel}","templated":true}]}}