{"id":1761,"date":"2026-04-29T06:26:26","date_gmt":"2026-04-29T09:26:26","guid":{"rendered":"https:\/\/vagas.portalemprego.com.br\/?p=1761"},"modified":"2026-04-29T06:26:26","modified_gmt":"2026-04-29T09:26:26","slug":"analista-administrativo-jr-secretariado-administracao-rio-de-janeiro","status":"publish","type":"post","link":"https:\/\/vagas.portalemprego.com.br\/?p=1761","title":{"rendered":"Analista Administrativo Jr (Secretariado) &#8211; Administra\u00e7\u00e3o &#8211; Rio de Janeiro"},"content":{"rendered":"<p>O Grupo Seres, em parceria com empresa nacional do segmento de industria farmac\u00eautica, seleciona profissional para atuar na fun\u00e7\u00e3o de Analista Administrativo Jr (Secretariado)<br \/>\n\u00a0<br \/>\nAtividades:<br \/>\nExecutar, com iniciativa, atividades administrativas de baixa complexidade e criticidade , prestando suporte t\u00e9cnico com responsabilidade crescente e supervis\u00e3o de profissionais mais experientes, organizando e controlando agenda, documentos que entram e saem na \u00e1rea, marcando compromissos, convocando reuni\u00f5es presenciais e virtuais, reservando salas e transporte corporativo, protocolando, conferindo e arquivando correspond\u00eancias e documentos em geral, recebendo e realizando chamadas telef\u00f4nicas, triando pessoas, abrindo OS relacionadas \u00e0 manuten\u00e7\u00e3o predial e de TI, solicitando materiais ao almoxarifado e acompanhando a entrega, efetuando reda\u00e7\u00e3o oficial e processando sua digita\u00e7\u00e3o, auxiliando na cria\u00e7\u00e3o de apresenta\u00e7\u00f5es para reuni\u00f5es, zelando pela qualidade est\u00e9tica e apresenta\u00e7\u00e3o dos trabalhos, solicitando, acompanhando e controlando passagens, hospedagens e presta\u00e7\u00e3o de contas no SAP\/SEI, realizando a inclus\u00e3o das demandas da \u00e1rea (planejamento anual) no PGC e SAGE, controlando os processos no sistema (SEI), aplicando m\u00e9todos de simplifica\u00e7\u00e3o e racionaliza\u00e7\u00e3o de rotinas, a fim de contribuir com o fluxo de informa\u00e7\u00f5es administrativas e o cumprimento dos compromissos assumidos, de acordo com as estrat\u00e9gias e pol\u00edticas adotadas pela Institui\u00e7\u00e3o.<br \/>\n\u00a0<br \/>\nHor\u00e1rio de trabalho:<br \/>\nHor\u00e1rio: 8h00 &#8211; 17h00<br \/>\nEscala: Segunda a sexta (1h de almo\u00e7o)<br \/>\nModelo: Presencial\u00a0<br \/>\n\u00a0<br \/>\nLocal de trabalho:<br \/>\nJacarepagu\u00e1, Rio de Janeiro &#8211; Brasil<\/p>\n<p>Requisitos Obrigat\u00f3rios:<br \/>\nSuperior Completo, preferencialmente Administra\u00e7\u00e3o e \u00e1reas afins;<br \/>\nExperi\u00eancia anterior com rotinas de secretariado;<br \/>\nPacote office intermedi\u00e1rio.<br \/>\n\u00a0<br \/>\nDesej\u00e1vel:<br \/>\nExperi\u00eancia com SAP;<br \/>\nExperi\u00eancia com SEI;<br \/>\nExperi\u00eancia em \u00f3rg\u00e3o p\u00fablico.<\/p>\n<p>Beneficios<br \/>\n&#8211; Plano de Saude<br \/>\n&#8211; Plano Odontologico<br \/>\n&#8211; Refeit\u00f3rio<br \/>\n&#8211; Vale Transporte<\/p>\n<p>\u00a0<br \/>\nIncentivamos\u00a0candidaturas\u00a0PCD,\u00a0popula\u00e7\u00e3o\u00a0negra,\u00a0mulheres,\u00a0LGBTQIAPN+.<\/p>\n<ul>\n<li>Local de trabalho: Rio de Janeiro, RJ<\/li>\n<li>Regime de contrata\u00e7\u00e3o de tipo: Efetivo \u2013 CLT<\/li>\n<li>Jornada: Per\u00edodo Integral<\/li>\n<li>\u00c1rea e especializa\u00e7\u00e3o profissional: Administra\u00e7\u00e3o &#8211; Secretariado<\/li>\n<li>N\u00edvel hier\u00e1rquico: Analista<\/li>\n<\/ul>\n<p>Escolaridade M\u00ednima: Ensino Superior<\/p>\n<p>Sal\u00e1rio: 5140,41<\/p>\n","protected":false},"excerpt":{"rendered":"<p>O Grupo Seres, em parceria com empresa nacional do segmento de industria farmac\u00eautica, seleciona profissional para atuar na fun\u00e7\u00e3o de Analista Administrativo Jr (Secretariado) \u00a0 Atividades: Executar, com iniciativa, atividades administrativas de baixa complexidade e criticidade , prestando suporte t\u00e9cnico com responsabilidade crescente e supervis\u00e3o de profissionais mais experientes, organizando e controlando agenda, documentos que [&hellip;]<\/p>\n","protected":false},"author":1,"featured_media":0,"comment_status":"open","ping_status":"open","sticky":false,"template":"","format":"standard","meta":{"footnotes":""},"categories":[21],"tags":[],"class_list":["post-1761","post","type-post","status-publish","format-standard","hentry","category-rio-de-janeiro-rj"],"_links":{"self":[{"href":"https:\/\/vagas.portalemprego.com.br\/index.php?rest_route=\/wp\/v2\/posts\/1761","targetHints":{"allow":["GET"]}}],"collection":[{"href":"https:\/\/vagas.portalemprego.com.br\/index.php?rest_route=\/wp\/v2\/posts"}],"about":[{"href":"https:\/\/vagas.portalemprego.com.br\/index.php?rest_route=\/wp\/v2\/types\/post"}],"author":[{"embeddable":true,"href":"https:\/\/vagas.portalemprego.com.br\/index.php?rest_route=\/wp\/v2\/users\/1"}],"replies":[{"embeddable":true,"href":"https:\/\/vagas.portalemprego.com.br\/index.php?rest_route=%2Fwp%2Fv2%2Fcomments&post=1761"}],"version-history":[{"count":0,"href":"https:\/\/vagas.portalemprego.com.br\/index.php?rest_route=\/wp\/v2\/posts\/1761\/revisions"}],"wp:attachment":[{"href":"https:\/\/vagas.portalemprego.com.br\/index.php?rest_route=%2Fwp%2Fv2%2Fmedia&parent=1761"}],"wp:term":[{"taxonomy":"category","embeddable":true,"href":"https:\/\/vagas.portalemprego.com.br\/index.php?rest_route=%2Fwp%2Fv2%2Fcategories&post=1761"},{"taxonomy":"post_tag","embeddable":true,"href":"https:\/\/vagas.portalemprego.com.br\/index.php?rest_route=%2Fwp%2Fv2%2Ftags&post=1761"}],"curies":[{"name":"wp","href":"https:\/\/api.w.org\/{rel}","templated":true}]}}