{"id":1763,"date":"2026-04-29T06:26:26","date_gmt":"2026-04-29T09:26:26","guid":{"rendered":"https:\/\/vagas.portalemprego.com.br\/?p=1763"},"modified":"2026-04-29T06:26:26","modified_gmt":"2026-04-29T09:26:26","slug":"assistente-de-prevencao-de-perdas-rio-de-janeiro-administracao-rio-de-janeiro","status":"publish","type":"post","link":"https:\/\/vagas.portalemprego.com.br\/?p=1763","title":{"rendered":"Assistente de Preven\u00e7\u00e3o de Perdas &#8211; Rio de Janeiro &#8211; Administra\u00e7\u00e3o &#8211; Rio de Janeiro"},"content":{"rendered":"<p>VEM SER NATURAL DA TERRA!<\/p>\n<p>Somos o vizinho especialista em produtos frescos e naturais, com qualidade impec\u00e1vel e uma experi\u00eancia que faz o cliente se sentir em casa.<br \/>\nNossa alma \u00e9 de feirante: gostamos de conversar, sorrir e oferecer aquele conforto emocional das feiras livres da inf\u00e2ncia, com um atendimento pr\u00f3ximo, humano e cheio de alegria.<\/p>\n<p>Todos os dias acordamos com um \u00fanico objetivo: promover uma vida mais natural \u2013 em todos os sentidos.<br \/>\nSe voc\u00ea tamb\u00e9m acredita nesse prop\u00f3sito, vem com a gente!<\/p>\n<p>Estamos \u00e0 procura de um Assistente de Preven\u00e7\u00e3o de Perdas para juntar-se \u00e0 nossa equipe.<\/p>\n<p>Suas principais responsabilidades ser\u00e3o:<br \/>\n\u2022\u00a0Respons\u00e1vel\u00a0por\u00a0estabelecer\u00a0e\u00a0manter\u00a0a\u00a0opera\u00e7\u00e3o\u00a0padronizada\u00a0e\u00a0alinhada\u00a0com\u00a0as\u00a0diretrizes\u00a0da\u00a0empresa\u00a0visando\u00a0potencializar\u00a0o\u00a0acompanhamento\u00a0das\u00a0unidades\u00a0e\u00a0CDs,\u00a0em\u00a0campo,\u00a0apurando\u00a0diverg\u00eancias\u00a0de\u00a0estoques,\u00a0vulnerabilidades\u00a0e\u00a0outros\u00a0potenciais\u00a0passivos\u00a0de\u00a0perdas\u00a0da\u00a0Cia.<br \/>\n\u2022\u00a0Realizar\u00a0visitas\u00a0as\u00a0lojas\u00a0verificando\u00a0diariamente\u00a0o\u00a0andamento\u00a0dos\u00a0procedimentos\u00a0e\u00a0processos\u00a0com\u00a0a\u00a0finalidade\u00a0de\u00a0evitar\u00a0Perdas\u00a0na\u00a0empresa<br \/>\n\u2022\u00a0Acompanhar\u00a0checklists\u00a0nas\u00a0unidades,\u00a0avaliando\u00a0as\u00a0tomadas\u00a0de\u00a0a\u00e7\u00f5es\u00a0e\u00a0os\u00a0envios\u00a0das\u00a0demandas\u00a0de\u00a0Preven\u00e7\u00e3o\u00a0de\u00a0Perdas\u00a0\u00e0s\u00a0\u00e1reas\u00a0respons\u00e1veis<br \/>\n\u2022\u00a0Acompanhar\u00a0os\u00a0indicadores\u00a0de\u00a0perdas\u00a0das\u00a0lojas,\u00a0priorizando\u00a0a\u00a0atua\u00e7\u00e3o\u00a0individual\u00a0em\u00a0cada\u00a0unidade<br \/>\n\u2022\u00a0Apoiar\u00a0a\u00a0\u00e1rea\u00a0na\u00a0an\u00e1lise\u00a0dos\u00a0resultados\u00a0de\u00a0quebras\u00a0das\u00a0lojas\u00a0e\u00a0na\u00a0cria\u00e7\u00e3o\u00a0de\u00a0a\u00e7\u00f5es\u00a0junto\u00a0\u00e0\u00a0ger\u00eancia\u00a0das\u00a0lojas\u00a0para\u00a0a\u00a0redu\u00e7\u00e3o\u00a0de\u00a0perdas\u00a0e\u00a0desvios\u00a0de\u00a0processos<br \/>\n\u2022\u00a0Avaliar\u00a0os\u00a0passivos\u00a0de\u00a0perdas\u00a0nas\u00a0unidades,\u00a0seja\u00a0vulnerabilidade\u00a0a\u00a0furto\u00a0at\u00e9\u00a0falhas\u00a0de\u00a0processos\u00a0que\u00a0tragam\u00a0impactos\u00a0para\u00a0perdas<br \/>\n\u2022\u00a0Disseminar\u00a0boas\u00a0pr\u00e1ticas\u00a0e\u00a0ferramentas\u00a0de\u00a0controle<br \/>\n\u2022\u00a0Realizar\u00a0follow-up\u00a0com\u00a0a\u00a0lideran\u00e7a\u00a0das\u00a0unidades\u00a0dentro\u00a0de\u00a0uma\u00a0frequ\u00eancia\u00a0pr\u00e9-estabelecida<br \/>\n\u2022\u00a0Apoiar\u00a0e\u00a0auditar\u00a0invent\u00e1rios\u00a0e\u00a0seus\u00a0respectivos\u00a0processos\u00a0(Invent\u00e1rio\u00a0Geral\u00a0e\u00a0Rotativo),\u00a0investigando\u00a0as\u00a0causas\u00a0raiz\u00a0das\u00a0perdas,\u00a0al\u00e9m\u00a0de\u00a0testar\u00a0os\u00a0processos\u00a0minimizando\u00a0os\u00a0riscos\u00a0de\u00a0erros<\/p>\n<p>O perfil que buscamos em voc\u00ea<br \/>\n\u2022 Relacionamento Interpessoal<br \/>\n\u2022 Intelig\u00eancia Emocional<br \/>\n\u2022 Boa comunica\u00e7\u00e3o<br \/>\n\u2022 Resili\u00eancia<br \/>\n\u2022 Perfil anal\u00edtico<\/p>\n<p>Escala de trabalho: 6&#215;1<br \/>\nLocal de Trabalho: Rio de Janeiro ou Niter\u00f3i<\/p>\n<p>Requisitos:<br \/>\n\u2022 Forma\u00e7\u00e3o: Ensino m\u00e9dio completo<br \/>\n\u2022 Desej\u00e1vel conhecimento de Excel<br \/>\n\u2022 Desej\u00e1vel conhecimento em SAP<\/p>\n<p>Etapas do processo:<br \/>\n\u00b7 Divulga\u00e7\u00e3o<br \/>\n\u00b7 Triagem curricular<br \/>\n\u00b7 Entrevista com RH com apresenta\u00e7\u00e3o de estudo de caso<br \/>\n\u00b7 Entrevista com gestor com\u00a0apresenta\u00e7\u00e3o\u00a0de\u00a0estudo\u00a0de\u00a0caso<\/p>\n<p>Venha fazer parte do nosso time!! N\u00e3o deixe de se candidatar em nosso processo seletivo.<\/p>\n<p>Agradecemos o seu interesse e nos veremos no processo seletivo!! At\u00e9 l\u00e1!<\/p>\n<p>Time de Gente &#8211; HNT<\/p>\n<ul>\n<li>Local de trabalho: Rio de Janeiro, RJ<\/li>\n<li>Regime de contrata\u00e7\u00e3o de tipo: Efetivo \u2013 CLT<\/li>\n<li>Jornada: Per\u00edodo Integral<\/li>\n<li>\u00c1rea e especializa\u00e7\u00e3o profissional: Administra\u00e7\u00e3o &#8211; Administra\u00e7\u00e3o Geral<\/li>\n<li>N\u00edvel hier\u00e1rquico: Assistente<\/li>\n<\/ul>\n<p>Escolaridade M\u00ednima: Ensino M\u00e9dio (2\u00ba Grau)<\/p>\n","protected":false},"excerpt":{"rendered":"<p>VEM SER NATURAL DA TERRA! Somos o vizinho especialista em produtos frescos e naturais, com qualidade impec\u00e1vel e uma experi\u00eancia que faz o cliente se sentir em casa. Nossa alma \u00e9 de feirante: gostamos de conversar, sorrir e oferecer aquele conforto emocional das feiras livres da inf\u00e2ncia, com um atendimento pr\u00f3ximo, humano e cheio de [&hellip;]<\/p>\n","protected":false},"author":1,"featured_media":0,"comment_status":"open","ping_status":"open","sticky":false,"template":"","format":"standard","meta":{"footnotes":""},"categories":[21],"tags":[],"class_list":["post-1763","post","type-post","status-publish","format-standard","hentry","category-rio-de-janeiro-rj"],"_links":{"self":[{"href":"https:\/\/vagas.portalemprego.com.br\/index.php?rest_route=\/wp\/v2\/posts\/1763","targetHints":{"allow":["GET"]}}],"collection":[{"href":"https:\/\/vagas.portalemprego.com.br\/index.php?rest_route=\/wp\/v2\/posts"}],"about":[{"href":"https:\/\/vagas.portalemprego.com.br\/index.php?rest_route=\/wp\/v2\/types\/post"}],"author":[{"embeddable":true,"href":"https:\/\/vagas.portalemprego.com.br\/index.php?rest_route=\/wp\/v2\/users\/1"}],"replies":[{"embeddable":true,"href":"https:\/\/vagas.portalemprego.com.br\/index.php?rest_route=%2Fwp%2Fv2%2Fcomments&post=1763"}],"version-history":[{"count":0,"href":"https:\/\/vagas.portalemprego.com.br\/index.php?rest_route=\/wp\/v2\/posts\/1763\/revisions"}],"wp:attachment":[{"href":"https:\/\/vagas.portalemprego.com.br\/index.php?rest_route=%2Fwp%2Fv2%2Fmedia&parent=1763"}],"wp:term":[{"taxonomy":"category","embeddable":true,"href":"https:\/\/vagas.portalemprego.com.br\/index.php?rest_route=%2Fwp%2Fv2%2Fcategories&post=1763"},{"taxonomy":"post_tag","embeddable":true,"href":"https:\/\/vagas.portalemprego.com.br\/index.php?rest_route=%2Fwp%2Fv2%2Ftags&post=1763"}],"curies":[{"name":"wp","href":"https:\/\/api.w.org\/{rel}","templated":true}]}}