{"id":1764,"date":"2026-04-29T06:26:26","date_gmt":"2026-04-29T09:26:26","guid":{"rendered":"https:\/\/vagas.portalemprego.com.br\/?p=1764"},"modified":"2026-04-29T06:26:26","modified_gmt":"2026-04-29T09:26:26","slug":"vendedor-externo-comercial-vendas-duque-de-caxias-2","status":"publish","type":"post","link":"https:\/\/vagas.portalemprego.com.br\/?p=1764","title":{"rendered":"Vendedor Externo &#8211; Comercial, Vendas &#8211; Duque de Caxias"},"content":{"rendered":"<p>Empresa: Distribuidora de Tintas<br \/>\nCargo: Vendedor Externo<br \/>\nHor\u00e1rio de trabalho: Segunda \u00e0 sexta (Hor\u00e1rio Comercial)<br \/>\nFoco de atua\u00e7\u00e3o: Tintas<br \/>\nPerfil de cliente atendido: Varejo \/ Lojas especializadas<br \/>\nRemunera\u00e7\u00e3o fixa: R$ 2.000,00<br \/>\nVari\u00e1vel: de 2% a 4%, dependendo do produto<\/p>\n<p>\u00c1rea geogr\u00e1fica de atua\u00e7\u00e3o: Metropolitana \u2013 (Niter\u00f3i\/Maric\u00e1). <\/p>\n<p>\u00c1rea geogr\u00e1fica de atua\u00e7\u00e3o: Regi\u00e3o dos Lagos &#8211; (Arraial do Cabo\/Iguaba Grande\/ S\u00e3o Pedro da Aldeia\/ Saquarema\/Cabo Frio\/ B\u00fazios\/ Araruama).<\/p>\n<p>\u00c1rea geogr\u00e1fica de atua\u00e7\u00e3o: Noroeste Fluminense (Santa Maria Madalena\/  S\u00e3o Sebasti\u00e3o do Alto\/ Trajano de Moraes\/ Quissama\/ Concei\u00e7\u00e3o de Macabu\/ Carapebus\/ Itaocara\/ Laje do Muriae\/ Miracema\/ Natividade\/ Santo Ant\u00f4nio de P\u00e1dua\/ Itaperuna\/ Italva\/ Aperibe\/ Cardoso Moreira\/  Itaperuna \/ S\u00e3o Jo\u00e3o da Barra \/ S\u00e3o Francisco de Itabaopoana \/ S\u00e3o Fidelis \/ Porciuncula). <\/p>\n<p>Modelo de trabalho: CLT, 100% externo, com visitas presenciais di\u00e1rias.<\/p>\n<p>BENEF\u00cdCIOS:<br \/>\n* Ajuda de custo: R$ 800 apenas nos 03 primeiros meses<br \/>\n* Benef\u00edcios ap\u00f3s 03 meses: Plano de sa\u00fade, plano odontol\u00f3gico e seguro de vida<\/p>\n<p>REQUISITOS:<br \/>\n* Necess\u00e1rio ter CNH B e ve\u00edculo pr\u00f3prio.<br \/>\n* Ter experi\u00eancia pr\u00e9via com vendas externas<\/p>\n<p>ATIVIDADES:<br \/>\n* Prospec\u00e7\u00e3o e manuten\u00e7\u00e3o de clientes de diferentes portes;<br \/>\n* Realizar vendas externas;<br \/>\n* Acompanhar e desenvolver atividades na \u00e1rea comercial;<br \/>\n* Controlar rotinas comerciais; Preencher relat\u00f3rios de vendas;<br \/>\n* Administrar carteira de clientes e realizar visitas regulares;<\/p>\n<ul>\n<li>Local de trabalho: Duque de Caxias, RJ<\/li>\n<li>Regime de contrata\u00e7\u00e3o de tipo: Efetivo \u2013 CLT<\/li>\n<li>Jornada: Per\u00edodo Integral<\/li>\n<li>\u00c1rea e especializa\u00e7\u00e3o profissional: Comercial, Vendas &#8211; Venda Externa<\/li>\n<li>N\u00edvel hier\u00e1rquico: Operacional<\/li>\n<\/ul>\n<p>VALORIZADO<\/p>\n<p>Tempo de experi\u00eancia: Entre 1 e 3 anos<\/p>\n<p>Escolaridade M\u00ednima: Ensino M\u00e9dio (2\u00ba Grau)<\/p>\n<p>Ve\u00edculo pr\u00f3prio<\/p>\n","protected":false},"excerpt":{"rendered":"<p>Empresa: Distribuidora de Tintas Cargo: Vendedor Externo Hor\u00e1rio de trabalho: Segunda \u00e0 sexta (Hor\u00e1rio Comercial) Foco de atua\u00e7\u00e3o: Tintas Perfil de cliente atendido: Varejo \/ Lojas especializadas Remunera\u00e7\u00e3o fixa: R$ 2.000,00 Vari\u00e1vel: de 2% a 4%, dependendo do produto \u00c1rea geogr\u00e1fica de atua\u00e7\u00e3o: Metropolitana \u2013 (Niter\u00f3i\/Maric\u00e1). \u00c1rea geogr\u00e1fica de atua\u00e7\u00e3o: Regi\u00e3o dos Lagos &#8211; (Arraial [&hellip;]<\/p>\n","protected":false},"author":1,"featured_media":0,"comment_status":"open","ping_status":"open","sticky":false,"template":"","format":"standard","meta":{"footnotes":""},"categories":[21],"tags":[],"class_list":["post-1764","post","type-post","status-publish","format-standard","hentry","category-rio-de-janeiro-rj"],"_links":{"self":[{"href":"https:\/\/vagas.portalemprego.com.br\/index.php?rest_route=\/wp\/v2\/posts\/1764","targetHints":{"allow":["GET"]}}],"collection":[{"href":"https:\/\/vagas.portalemprego.com.br\/index.php?rest_route=\/wp\/v2\/posts"}],"about":[{"href":"https:\/\/vagas.portalemprego.com.br\/index.php?rest_route=\/wp\/v2\/types\/post"}],"author":[{"embeddable":true,"href":"https:\/\/vagas.portalemprego.com.br\/index.php?rest_route=\/wp\/v2\/users\/1"}],"replies":[{"embeddable":true,"href":"https:\/\/vagas.portalemprego.com.br\/index.php?rest_route=%2Fwp%2Fv2%2Fcomments&post=1764"}],"version-history":[{"count":0,"href":"https:\/\/vagas.portalemprego.com.br\/index.php?rest_route=\/wp\/v2\/posts\/1764\/revisions"}],"wp:attachment":[{"href":"https:\/\/vagas.portalemprego.com.br\/index.php?rest_route=%2Fwp%2Fv2%2Fmedia&parent=1764"}],"wp:term":[{"taxonomy":"category","embeddable":true,"href":"https:\/\/vagas.portalemprego.com.br\/index.php?rest_route=%2Fwp%2Fv2%2Fcategories&post=1764"},{"taxonomy":"post_tag","embeddable":true,"href":"https:\/\/vagas.portalemprego.com.br\/index.php?rest_route=%2Fwp%2Fv2%2Ftags&post=1764"}],"curies":[{"name":"wp","href":"https:\/\/api.w.org\/{rel}","templated":true}]}}