{"id":1766,"date":"2026-04-29T06:26:26","date_gmt":"2026-04-29T09:26:26","guid":{"rendered":"https:\/\/vagas.portalemprego.com.br\/?p=1766"},"modified":"2026-04-29T06:26:26","modified_gmt":"2026-04-29T09:26:26","slug":"operador-de-producao-trefila-temporario-industrial-producao-fabrica-rio-de-janeiro","status":"publish","type":"post","link":"https:\/\/vagas.portalemprego.com.br\/?p=1766","title":{"rendered":"Operador de Produ\u00e7\u00e3o Trefila (Tempor\u00e1rio) &#8211; Industrial, Produ\u00e7\u00e3o, F\u00e1brica &#8211; Rio de Janeiro"},"content":{"rendered":"<p>O Grupo Seres est\u00e1 com oportunidade para atua\u00e7\u00e3o em ind\u00fastria de grande porte no segmento produtivo. Buscamos profissionais interessados em desenvolver carreira na \u00e1rea industrial, com oportunidade real de crescimento.<br \/>\nAtividades:<br \/>\n \u2022 Atuar na opera\u00e7\u00e3o e abastecimento de linha produtiva<br \/>\n \u2022 Realizar organiza\u00e7\u00e3o e paletiza\u00e7\u00e3o de materiais<br \/>\n \u2022 Apoiar na formata\u00e7\u00e3o do produto final<br \/>\n \u2022 Preencher controles e quadros de gest\u00e3o \u00e0 vista<br \/>\n \u2022 Reportar informa\u00e7\u00f5es operacionais \u00e0 lideran\u00e7a<br \/>\n \u2022 Apoiar na identifica\u00e7\u00e3o de melhorias no processo<br \/>\n \u2022 Cumprir normas de seguran\u00e7a, qualidade, meio ambiente e organiza\u00e7\u00e3o (5S)<br \/>\n \u2022 Atuar em equipe nas rotinas da opera\u00e7\u00e3o<br \/>\nRequisitos:<br \/>\n \u2022 Ensino m\u00e9dio completo<br \/>\n \u2022 Experi\u00eancia em ambiente industrial ser\u00e1 considerada um diferencial<br \/>\n \u2022 Disponibilidade para atuar em regime de turnos<br \/>\nEmpresa: Ind\u00fastria de grande porte (contrata\u00e7\u00e3o via Grupo Seres)<br \/>\n Local: Santa Cruz \u2013 RJ<br \/>\nImportante:<br \/>\n \u2022 Atua\u00e7\u00e3o em ambiente produtivo com atividades operacionais<br \/>\n \u2022 A rotina pode envolver perman\u00eancia em p\u00e9 e dinamismo f\u00edsico ao longo da jornada<br \/>\nSal\u00e1rio:<br \/>\n R$ 2.032,00<br \/>\nBenef\u00edcios:<br \/>\n \u2022 Fretado<br \/>\n \u2022 Restaurante no local<br \/>\nHor\u00e1rio:<br \/>\n Regime de turnos (incluindo possibilidade de atua\u00e7\u00e3o no per\u00edodo noturno)<br \/>\nTipo de contrata\u00e7\u00e3o:<br \/>\n Tempor\u00e1rio<br \/>\nDiferencial da vaga:<br \/>\n \u2022 Possibilidade de efetiva\u00e7\u00e3o conforme desempenho e postura profissional<br \/>\n \u2022 Oportunidade de desenvolvimento e crescimento interno<\/p>\n<ul>\n<li>Local de trabalho: Rio de Janeiro, RJ<\/li>\n<li>Regime de contrata\u00e7\u00e3o de tipo: Tempor\u00e1rio<\/li>\n<li>Jornada: Per\u00edodo Integral<\/li>\n<li>\u00c1rea e especializa\u00e7\u00e3o profissional: Industrial, Produ\u00e7\u00e3o, F\u00e1brica &#8211; Produ\u00e7\u00e3o<\/li>\n<li>N\u00edvel hier\u00e1rquico: Operacional<\/li>\n<\/ul>\n<p>VALORIZADO<\/p>\n<p>Tempo de experi\u00eancia: Menos de 1 ano<\/p>\n<p>Escolaridade M\u00ednima: Ensino M\u00e9dio (2\u00ba Grau)<\/p>\n<p>Sal\u00e1rio: 2032,0<\/p>\n","protected":false},"excerpt":{"rendered":"<p>O Grupo Seres est\u00e1 com oportunidade para atua\u00e7\u00e3o em ind\u00fastria de grande porte no segmento produtivo. Buscamos profissionais interessados em desenvolver carreira na \u00e1rea industrial, com oportunidade real de crescimento. Atividades: \u2022 Atuar na opera\u00e7\u00e3o e abastecimento de linha produtiva \u2022 Realizar organiza\u00e7\u00e3o e paletiza\u00e7\u00e3o de materiais \u2022 Apoiar na formata\u00e7\u00e3o do produto final \u2022 [&hellip;]<\/p>\n","protected":false},"author":1,"featured_media":0,"comment_status":"open","ping_status":"open","sticky":false,"template":"","format":"standard","meta":{"footnotes":""},"categories":[21],"tags":[],"class_list":["post-1766","post","type-post","status-publish","format-standard","hentry","category-rio-de-janeiro-rj"],"_links":{"self":[{"href":"https:\/\/vagas.portalemprego.com.br\/index.php?rest_route=\/wp\/v2\/posts\/1766","targetHints":{"allow":["GET"]}}],"collection":[{"href":"https:\/\/vagas.portalemprego.com.br\/index.php?rest_route=\/wp\/v2\/posts"}],"about":[{"href":"https:\/\/vagas.portalemprego.com.br\/index.php?rest_route=\/wp\/v2\/types\/post"}],"author":[{"embeddable":true,"href":"https:\/\/vagas.portalemprego.com.br\/index.php?rest_route=\/wp\/v2\/users\/1"}],"replies":[{"embeddable":true,"href":"https:\/\/vagas.portalemprego.com.br\/index.php?rest_route=%2Fwp%2Fv2%2Fcomments&post=1766"}],"version-history":[{"count":0,"href":"https:\/\/vagas.portalemprego.com.br\/index.php?rest_route=\/wp\/v2\/posts\/1766\/revisions"}],"wp:attachment":[{"href":"https:\/\/vagas.portalemprego.com.br\/index.php?rest_route=%2Fwp%2Fv2%2Fmedia&parent=1766"}],"wp:term":[{"taxonomy":"category","embeddable":true,"href":"https:\/\/vagas.portalemprego.com.br\/index.php?rest_route=%2Fwp%2Fv2%2Fcategories&post=1766"},{"taxonomy":"post_tag","embeddable":true,"href":"https:\/\/vagas.portalemprego.com.br\/index.php?rest_route=%2Fwp%2Fv2%2Ftags&post=1766"}],"curies":[{"name":"wp","href":"https:\/\/api.w.org\/{rel}","templated":true}]}}