{"id":1767,"date":"2026-04-29T06:26:26","date_gmt":"2026-04-29T09:26:26","guid":{"rendered":"https:\/\/vagas.portalemprego.com.br\/?p=1767"},"modified":"2026-04-29T06:26:26","modified_gmt":"2026-04-29T09:26:26","slug":"garcom-restaurante-alimentacao-gastronomia-rio-de-janeiro","status":"publish","type":"post","link":"https:\/\/vagas.portalemprego.com.br\/?p=1767","title":{"rendered":"Gar\u00e7om &#8211; Restaurante &#8211; Alimenta\u00e7\u00e3o \/ Gastronomia &#8211; Rio de Janeiro"},"content":{"rendered":"<p>Sobre a empresa<br \/>\nNossa cultura \u00e9 orientada a resultados, disciplina e responsabilidade, com forte foco em produtividade, comprometimento e proatividade. Valorizamos profissionais organizados, pontuais e que assumem suas fun\u00e7\u00f5es com seriedade, entendendo que o desempenho individual impacta diretamente o coletivo.<br \/>\nBuscamos pessoas com postura profissional, foco em entrega e respeito \u00e0s normas internas, que entendam a rela\u00e7\u00e3o de troca da empresa: oferecemos apoio e flexibilidade quando h\u00e1 comprometimento e reciprocidade.<br \/>\nRemunera\u00e7\u00e3o<br \/>\nSal\u00e1rio: R$ 1.658,80<br \/>\nComiss\u00e3o: vari\u00e1vel<br \/>\nBenef\u00edcios:<br \/>\nRefei\u00e7\u00e3o no local ap\u00f3s 3 meses VR<br \/>\nConv\u00eanio com o SESC<br \/>\nHor\u00e1rio de trabalho<br \/>\nTurno noturno: 16h \u00e0s 00h20<br \/>\nPrincipais atividades<br \/>\nLan\u00e7ar pedidos corretamente na maquininha<br \/>\nMontar e organizar mesas (pratos e talheres)<br \/>\nRetirar pedidos na banqueta do bar e da cozinha<br \/>\nGarantir agilidade, organiza\u00e7\u00e3o e padr\u00e3o no atendimento<br \/>\nRequisitos obrigat\u00f3rios<br \/>\nExperi\u00eancia m\u00ednima de 6 meses em restaurantes<br \/>\nViv\u00eancia pr\u00e9via no segmento de alimenta\u00e7\u00e3o<br \/>\nPerfil organizado, \u00e1gil e comprometido<br \/>\nPontualidade e responsabilidade<br \/>\nRequisitos desej\u00e1veis<br \/>\nConhecimento em idiomas (diferencial)<br \/>\nBoa comunica\u00e7\u00e3o e postura profissional<br \/>\nFacilidade para trabalho em equipe e sob press\u00e3o<br \/>\nPresencialmente more nos bairro do Centro, Zona sul e Zona Norte ou tenha f\u00e1cil acesso ao local de trabalho.<\/p>\n<ul>\n<li>Local de trabalho: Rio de Janeiro, RJ<\/li>\n<li>Regime de contrata\u00e7\u00e3o de tipo: Efetivo \u2013 CLT<\/li>\n<li>Jornada: Per\u00edodo Integral<\/li>\n<li>\u00c1rea e especializa\u00e7\u00e3o profissional: Alimenta\u00e7\u00e3o \/ Gastronomia &#8211; Atendente \/ Recep\u00e7\u00e3o \/ Gar\u00e7om<\/li>\n<li>N\u00edvel hier\u00e1rquico: Operacional<\/li>\n<\/ul>\n<p>HABILIDADES<\/p>\n<ul>\n<li>Comprometimento com resultados<\/li>\n<li>Disciplina operacional<\/li>\n<li>Foco em produtividade<\/li>\n<li>Organiza\u00e7\u00e3o rigorosa<\/li>\n<li>Proatividade no sal\u00e3o<\/li>\n<\/ul>\n<p>Escolaridade M\u00ednima: Ensino M\u00e9dio (2\u00ba Grau)<\/p>\n<p>Sal\u00e1rio: 2500,0<\/p>\n","protected":false},"excerpt":{"rendered":"<p>Sobre a empresa Nossa cultura \u00e9 orientada a resultados, disciplina e responsabilidade, com forte foco em produtividade, comprometimento e proatividade. Valorizamos profissionais organizados, pontuais e que assumem suas fun\u00e7\u00f5es com seriedade, entendendo que o desempenho individual impacta diretamente o coletivo. Buscamos pessoas com postura profissional, foco em entrega e respeito \u00e0s normas internas, que entendam [&hellip;]<\/p>\n","protected":false},"author":1,"featured_media":0,"comment_status":"open","ping_status":"open","sticky":false,"template":"","format":"standard","meta":{"footnotes":""},"categories":[21],"tags":[],"class_list":["post-1767","post","type-post","status-publish","format-standard","hentry","category-rio-de-janeiro-rj"],"_links":{"self":[{"href":"https:\/\/vagas.portalemprego.com.br\/index.php?rest_route=\/wp\/v2\/posts\/1767","targetHints":{"allow":["GET"]}}],"collection":[{"href":"https:\/\/vagas.portalemprego.com.br\/index.php?rest_route=\/wp\/v2\/posts"}],"about":[{"href":"https:\/\/vagas.portalemprego.com.br\/index.php?rest_route=\/wp\/v2\/types\/post"}],"author":[{"embeddable":true,"href":"https:\/\/vagas.portalemprego.com.br\/index.php?rest_route=\/wp\/v2\/users\/1"}],"replies":[{"embeddable":true,"href":"https:\/\/vagas.portalemprego.com.br\/index.php?rest_route=%2Fwp%2Fv2%2Fcomments&post=1767"}],"version-history":[{"count":0,"href":"https:\/\/vagas.portalemprego.com.br\/index.php?rest_route=\/wp\/v2\/posts\/1767\/revisions"}],"wp:attachment":[{"href":"https:\/\/vagas.portalemprego.com.br\/index.php?rest_route=%2Fwp%2Fv2%2Fmedia&parent=1767"}],"wp:term":[{"taxonomy":"category","embeddable":true,"href":"https:\/\/vagas.portalemprego.com.br\/index.php?rest_route=%2Fwp%2Fv2%2Fcategories&post=1767"},{"taxonomy":"post_tag","embeddable":true,"href":"https:\/\/vagas.portalemprego.com.br\/index.php?rest_route=%2Fwp%2Fv2%2Ftags&post=1767"}],"curies":[{"name":"wp","href":"https:\/\/api.w.org\/{rel}","templated":true}]}}