{"id":1770,"date":"2026-04-29T06:26:26","date_gmt":"2026-04-29T09:26:26","guid":{"rendered":"https:\/\/vagas.portalemprego.com.br\/?p=1770"},"modified":"2026-04-29T06:26:26","modified_gmt":"2026-04-29T09:26:26","slug":"subgerente-de-loja-de-shopping-comercial-vendas-rio-de-janeiro","status":"publish","type":"post","link":"https:\/\/vagas.portalemprego.com.br\/?p=1770","title":{"rendered":"Subgerente de Loja de Shopping &#8211; Comercial, Vendas &#8211; Rio de Janeiro"},"content":{"rendered":"<p>A\u00a0Ave Rara\u00a0\u00e9 uma marca brasileira de moda feminina com mais de 18 anos de hist\u00f3ria, dedicada a vestir mulheres em momentos especiais da vida. Nascida do prop\u00f3sito de transformar roupas em mem\u00f3rias, a marca une romantismo, sofistica\u00e7\u00e3o e acolhimento em cada cole\u00e7\u00e3o, criando experi\u00eancias que fazem nossas clientes se sentirem \u00fanicas, confiantes e protagonistas de suas hist\u00f3rias.<br \/>\nEstamos em busca de um(a)\u00a0Subgerente de Loja\u00a0para apoiar a gest\u00e3o da opera\u00e7\u00e3o, liderar o time de vendas e garantir a excel\u00eancia nos resultados comerciais e na experi\u00eancia das clientes em nossas lojas.<br \/>\nSobre o desafio<br \/>\nVoc\u00ea ter\u00e1 um papel essencial no suporte \u00e0 lideran\u00e7a da loja, atuando diretamente no desenvolvimento da equipe, no acompanhamento de metas e indicadores. Sua atua\u00e7\u00e3o conecta opera\u00e7\u00e3o, atendimento, gest\u00e3o de pessoas e performance, garantindo que cada cliente viva a experi\u00eancia Ave Rara com encantamento e resultado.<br \/>\nNo seu dia a dia, voc\u00ea ir\u00e1:<br \/>\nApoiar e supervisionar a equipe de vendas, contribuindo para o atingimento das metas individuais e da loja;<br \/>\nRealizar atendimento ao cliente de forma presencial e online, com foco em vendas, encantamento e fideliza\u00e7\u00e3o;<br \/>\nAtuar com consultoria de moda, sugerindo pe\u00e7as, combina\u00e7\u00f5es e novidades da cole\u00e7\u00e3o;<br \/>\nApoiar a gest\u00e3o da loja nos processos operacionais (abertura e fechamento de caixa, controle de estoque, organiza\u00e7\u00e3o do espa\u00e7o de vendas, visual merchandising e metas);<br \/>\nAcompanhar indicadores de desempenho da loja e contribuir com estrat\u00e9gias para alcance de resultados;<br \/>\nO que esperamos de voc\u00ea:<br \/>\nExperi\u00eancia pr\u00e9via com como vendedor(a) respons\u00e1vel ou fun\u00e7\u00e3o de lideran\u00e7a no varejo de moda;<br \/>\nEnsino m\u00e9dio completo;<br \/>\nExperi\u00eancia com canais digitais de venda;<br \/>\nOrganiza\u00e7\u00e3o, agilidade, resili\u00eancia e forte foco no cliente;<br \/>\nO que oferecemos:<br \/>\nCart\u00e3o Swile (multibenef\u00edcio)\u00a0\u2014 mais flexibilidade no seu bolso para usar como quiser: alimenta\u00e7\u00e3o, mobilidade, cultura e muito mais;<br \/>\nVale Transporte\u00a0\u2014 para apoiar seu deslocamento di\u00e1rio at\u00e9 o trabalho com praticidade e seguran\u00e7a;<br \/>\nSeguro de Vida\u00a0\u2014 um cuidado com voc\u00ea, que esperamos sinceramente que nunca precise ser usado.<br \/>\nLocal de trabalho:<br \/>\nBarraShopping- Avenida das Am\u00e9ricas, 4666 &#8211; Loja 244C &#8211; Barra da Tijuca &#8211; Cep 22.640-902<\/p>\n<ul>\n<li>Local de trabalho: Rio de Janeiro, RJ<\/li>\n<li>Regime de contrata\u00e7\u00e3o de tipo: Efetivo \u2013 CLT<\/li>\n<li>Jornada: Per\u00edodo Integral<\/li>\n<li>\u00c1rea e especializa\u00e7\u00e3o profissional: Comercial, Vendas &#8211; Lojas \/ Shopping<\/li>\n<li>N\u00edvel hier\u00e1rquico: Encarregado<\/li>\n<\/ul>\n<p>VALORIZADO<\/p>\n<p>Tempo de experi\u00eancia: Entre 1 e 3 anos<\/p>\n<p>Escolaridade M\u00ednima: Ensino Fundamental (1\u00ba grau)<\/p>\n<p>Sal\u00e1rio: 3200,0<\/p>\n","protected":false},"excerpt":{"rendered":"<p>A\u00a0Ave Rara\u00a0\u00e9 uma marca brasileira de moda feminina com mais de 18 anos de hist\u00f3ria, dedicada a vestir mulheres em momentos especiais da vida. Nascida do prop\u00f3sito de transformar roupas em mem\u00f3rias, a marca une romantismo, sofistica\u00e7\u00e3o e acolhimento em cada cole\u00e7\u00e3o, criando experi\u00eancias que fazem nossas clientes se sentirem \u00fanicas, confiantes e protagonistas de [&hellip;]<\/p>\n","protected":false},"author":1,"featured_media":0,"comment_status":"open","ping_status":"open","sticky":false,"template":"","format":"standard","meta":{"footnotes":""},"categories":[21],"tags":[],"class_list":["post-1770","post","type-post","status-publish","format-standard","hentry","category-rio-de-janeiro-rj"],"_links":{"self":[{"href":"https:\/\/vagas.portalemprego.com.br\/index.php?rest_route=\/wp\/v2\/posts\/1770","targetHints":{"allow":["GET"]}}],"collection":[{"href":"https:\/\/vagas.portalemprego.com.br\/index.php?rest_route=\/wp\/v2\/posts"}],"about":[{"href":"https:\/\/vagas.portalemprego.com.br\/index.php?rest_route=\/wp\/v2\/types\/post"}],"author":[{"embeddable":true,"href":"https:\/\/vagas.portalemprego.com.br\/index.php?rest_route=\/wp\/v2\/users\/1"}],"replies":[{"embeddable":true,"href":"https:\/\/vagas.portalemprego.com.br\/index.php?rest_route=%2Fwp%2Fv2%2Fcomments&post=1770"}],"version-history":[{"count":0,"href":"https:\/\/vagas.portalemprego.com.br\/index.php?rest_route=\/wp\/v2\/posts\/1770\/revisions"}],"wp:attachment":[{"href":"https:\/\/vagas.portalemprego.com.br\/index.php?rest_route=%2Fwp%2Fv2%2Fmedia&parent=1770"}],"wp:term":[{"taxonomy":"category","embeddable":true,"href":"https:\/\/vagas.portalemprego.com.br\/index.php?rest_route=%2Fwp%2Fv2%2Fcategories&post=1770"},{"taxonomy":"post_tag","embeddable":true,"href":"https:\/\/vagas.portalemprego.com.br\/index.php?rest_route=%2Fwp%2Fv2%2Ftags&post=1770"}],"curies":[{"name":"wp","href":"https:\/\/api.w.org\/{rel}","templated":true}]}}