{"id":1773,"date":"2026-04-29T06:26:26","date_gmt":"2026-04-29T09:26:26","guid":{"rendered":"https:\/\/vagas.portalemprego.com.br\/?p=1773"},"modified":"2026-04-29T06:26:26","modified_gmt":"2026-04-29T09:26:26","slug":"auxiliar-de-logistica-rio-de-janeiro-drj3-logistica-rio-de-janeiro","status":"publish","type":"post","link":"https:\/\/vagas.portalemprego.com.br\/?p=1773","title":{"rendered":"AUXILIAR DE LOG\u00cdSTICA -RIO DE JANEIRO  (DRJ3) &#8211; Log\u00edstica &#8211; Rio de Janeiro"},"content":{"rendered":"<p>PROCESSO SELETIVO AMAZON \u2013 AUXILIAR DE LOG\u00cdSTICA ?<\/p>\n<p>? Detalhes da Oportunidade:<br \/>\n? Cargo: Auxiliar de Log\u00edstica<br \/>\n? Sal\u00e1rio: Compat\u00edvel com o mercado + benef\u00edcios<br \/>\n? Hor\u00e1rios:Necess\u00e1rio a disponibilidade para atuar em turnos<br \/>\n? Local: Amazon \u2013DRJ3<br \/>\n? Contrato: Tempor\u00e1rio (01 \u00c1 180 dias)<\/p>\n<p>? Importante:<br \/>\n?? Se voc\u00ea j\u00e1 trabalhou na Amazon, o prazo de retorno \u00e9 de 90 dias.<br \/>\n?? Se voc\u00ea j\u00e1 trabalha l\u00e1, compartilhe esta oportunidade com amigos e familiares!<\/p>\n<p>? N\u00e3o perca essa chance de fazer parte da maior empresa de e-commerce do mundo!<\/p>\n<p> Recrutador: (11) 977250238 Emelyn Lage <\/p>\n<ul>\n<li>N\u00famero de vagas: 100<\/li>\n<li>Local de trabalho: Rio de Janeiro, RJ<\/li>\n<li>Regime de contrata\u00e7\u00e3o de tipo: Tempor\u00e1rio<\/li>\n<li>Jornada: Per\u00edodo Integral<\/li>\n<li>\u00c1rea e especializa\u00e7\u00e3o profissional: Log\u00edstica &#8211; Log\u00edstica<\/li>\n<li>N\u00edvel hier\u00e1rquico: Trainee<\/li>\n<\/ul>\n<p>Escolaridade M\u00ednima: Ensino M\u00e9dio (2\u00ba Grau)<\/p>\n","protected":false},"excerpt":{"rendered":"<p>PROCESSO SELETIVO AMAZON \u2013 AUXILIAR DE LOG\u00cdSTICA ? ? Detalhes da Oportunidade: ? Cargo: Auxiliar de Log\u00edstica ? Sal\u00e1rio: Compat\u00edvel com o mercado + benef\u00edcios ? Hor\u00e1rios:Necess\u00e1rio a disponibilidade para atuar em turnos ? Local: Amazon \u2013DRJ3 ? Contrato: Tempor\u00e1rio (01 \u00c1 180 dias) ? Importante: ?? Se voc\u00ea j\u00e1 trabalhou na Amazon, o prazo [&hellip;]<\/p>\n","protected":false},"author":1,"featured_media":0,"comment_status":"open","ping_status":"open","sticky":false,"template":"","format":"standard","meta":{"footnotes":""},"categories":[21],"tags":[],"class_list":["post-1773","post","type-post","status-publish","format-standard","hentry","category-rio-de-janeiro-rj"],"_links":{"self":[{"href":"https:\/\/vagas.portalemprego.com.br\/index.php?rest_route=\/wp\/v2\/posts\/1773","targetHints":{"allow":["GET"]}}],"collection":[{"href":"https:\/\/vagas.portalemprego.com.br\/index.php?rest_route=\/wp\/v2\/posts"}],"about":[{"href":"https:\/\/vagas.portalemprego.com.br\/index.php?rest_route=\/wp\/v2\/types\/post"}],"author":[{"embeddable":true,"href":"https:\/\/vagas.portalemprego.com.br\/index.php?rest_route=\/wp\/v2\/users\/1"}],"replies":[{"embeddable":true,"href":"https:\/\/vagas.portalemprego.com.br\/index.php?rest_route=%2Fwp%2Fv2%2Fcomments&post=1773"}],"version-history":[{"count":0,"href":"https:\/\/vagas.portalemprego.com.br\/index.php?rest_route=\/wp\/v2\/posts\/1773\/revisions"}],"wp:attachment":[{"href":"https:\/\/vagas.portalemprego.com.br\/index.php?rest_route=%2Fwp%2Fv2%2Fmedia&parent=1773"}],"wp:term":[{"taxonomy":"category","embeddable":true,"href":"https:\/\/vagas.portalemprego.com.br\/index.php?rest_route=%2Fwp%2Fv2%2Fcategories&post=1773"},{"taxonomy":"post_tag","embeddable":true,"href":"https:\/\/vagas.portalemprego.com.br\/index.php?rest_route=%2Fwp%2Fv2%2Ftags&post=1773"}],"curies":[{"name":"wp","href":"https:\/\/api.w.org\/{rel}","templated":true}]}}