{"id":1778,"date":"2026-04-29T06:26:26","date_gmt":"2026-04-29T09:26:26","guid":{"rendered":"https:\/\/vagas.portalemprego.com.br\/?p=1778"},"modified":"2026-04-29T06:26:26","modified_gmt":"2026-04-29T09:26:26","slug":"assistente-de-rh-dp-recursos-humanos-rio-de-janeiro","status":"publish","type":"post","link":"https:\/\/vagas.portalemprego.com.br\/?p=1778","title":{"rendered":"Assistente de RH \/ DP &#8211; Recursos Humanos &#8211; Rio de Janeiro"},"content":{"rendered":"<p>Fun\u00e7\u00f5es:<br \/>\nGerenciar processos de recrutamento e sele\u00e7\u00e3o<br \/>\nCoordenar atividades de integra\u00e7\u00e3o de novos colaboradores<br \/>\nCuidar de Admiss\u00f5es<br \/>\nDar suporte a rotinas de Departamento pessoal (como Folha, F\u00e9rias e Rescis\u00e3o)<br \/>\nRespons\u00e1vel pelo controle de Ponto (ALTERDATA)<br \/>\nRequisitos:<br \/>\nExperi\u00eancia em recrutamento e sele\u00e7\u00e3o e sistema Alterdata<br \/>\nConhecimento em legisla\u00e7\u00e3o trabalhista<br \/>\nCapacidade de comunica\u00e7\u00e3o e negocia\u00e7\u00e3o<br \/>\nHabilidade em gerenciamento de equipes<\/p>\n<ul>\n<li>Local de trabalho: Rio de Janeiro, RJ<\/li>\n<li>Regime de contrata\u00e7\u00e3o de tipo: Efetivo \u2013 CLT<\/li>\n<li>Jornada: Per\u00edodo Integral<\/li>\n<li>\u00c1rea e especializa\u00e7\u00e3o profissional: Recursos Humanos &#8211; Recursos Humanos (Generalista)<\/li>\n<li>N\u00edvel hier\u00e1rquico: Assistente<\/li>\n<\/ul>\n<p>VALORIZADO<\/p>\n<p>Tempo de experi\u00eancia: Entre 1 e 3 anos<\/p>\n<p>Escolaridade M\u00ednima: Ensino Superior<\/p>\n","protected":false},"excerpt":{"rendered":"<p>Fun\u00e7\u00f5es: Gerenciar processos de recrutamento e sele\u00e7\u00e3o Coordenar atividades de integra\u00e7\u00e3o de novos colaboradores Cuidar de Admiss\u00f5es Dar suporte a rotinas de Departamento pessoal (como Folha, F\u00e9rias e Rescis\u00e3o) Respons\u00e1vel pelo controle de Ponto (ALTERDATA) Requisitos: Experi\u00eancia em recrutamento e sele\u00e7\u00e3o e sistema Alterdata Conhecimento em legisla\u00e7\u00e3o trabalhista Capacidade de comunica\u00e7\u00e3o e negocia\u00e7\u00e3o Habilidade em [&hellip;]<\/p>\n","protected":false},"author":1,"featured_media":0,"comment_status":"open","ping_status":"open","sticky":false,"template":"","format":"standard","meta":{"footnotes":""},"categories":[21],"tags":[],"class_list":["post-1778","post","type-post","status-publish","format-standard","hentry","category-rio-de-janeiro-rj"],"_links":{"self":[{"href":"https:\/\/vagas.portalemprego.com.br\/index.php?rest_route=\/wp\/v2\/posts\/1778","targetHints":{"allow":["GET"]}}],"collection":[{"href":"https:\/\/vagas.portalemprego.com.br\/index.php?rest_route=\/wp\/v2\/posts"}],"about":[{"href":"https:\/\/vagas.portalemprego.com.br\/index.php?rest_route=\/wp\/v2\/types\/post"}],"author":[{"embeddable":true,"href":"https:\/\/vagas.portalemprego.com.br\/index.php?rest_route=\/wp\/v2\/users\/1"}],"replies":[{"embeddable":true,"href":"https:\/\/vagas.portalemprego.com.br\/index.php?rest_route=%2Fwp%2Fv2%2Fcomments&post=1778"}],"version-history":[{"count":0,"href":"https:\/\/vagas.portalemprego.com.br\/index.php?rest_route=\/wp\/v2\/posts\/1778\/revisions"}],"wp:attachment":[{"href":"https:\/\/vagas.portalemprego.com.br\/index.php?rest_route=%2Fwp%2Fv2%2Fmedia&parent=1778"}],"wp:term":[{"taxonomy":"category","embeddable":true,"href":"https:\/\/vagas.portalemprego.com.br\/index.php?rest_route=%2Fwp%2Fv2%2Fcategories&post=1778"},{"taxonomy":"post_tag","embeddable":true,"href":"https:\/\/vagas.portalemprego.com.br\/index.php?rest_route=%2Fwp%2Fv2%2Ftags&post=1778"}],"curies":[{"name":"wp","href":"https:\/\/api.w.org\/{rel}","templated":true}]}}