{"id":1779,"date":"2026-04-29T06:26:26","date_gmt":"2026-04-29T09:26:26","guid":{"rendered":"https:\/\/vagas.portalemprego.com.br\/?p=1779"},"modified":"2026-04-29T06:26:26","modified_gmt":"2026-04-29T09:26:26","slug":"auxiliar-de-vendas-vaga-afirmativa-tambem-para-o-publico-pcd-comercial-vendas-rio-de-janeiro-4","status":"publish","type":"post","link":"https:\/\/vagas.portalemprego.com.br\/?p=1779","title":{"rendered":"Auxiliar de Vendas &#8211; Vaga afirmativa tamb\u00e9m para o p\u00fablico PCD &#8211; Comercial, Vendas &#8211; Rio de Janeiro"},"content":{"rendered":"<p>Responsabilidades e atribui\u00e7\u00f5es<br \/>\nEsta vaga tamb\u00e9m \u00e9 destinada a Pessoas com Defici\u00eancia (PCD). Valorizamos a diversidade e incentivamos a candidatura de profissionais de todos os perfis. &#8211; Apoio no Sal\u00e3o: Organiza\u00e7\u00e3o de setores e aux\u00edlio direto aos consultores para garantir a fluidez do atendimento. &#8211; Opera\u00e7\u00e3o de Estoque: Organiza\u00e7\u00e3o e reposi\u00e7\u00e3o \u00e1gil de produtos. &#8211; Suporte no Caixa: Aux\u00edlio na finaliza\u00e7\u00e3o de vendas e processos b\u00e1sicos (abertura, fechamento e organiza\u00e7\u00e3o do setor). &#8211; Eventos e Kits: Apoio na montagem de kits de presentes e suporte em a\u00e7\u00f5es especiais de loja. No ManpowerGroup, a sua carreira tem um novo rumo! Se voc\u00ea est\u00e1 em busca de crescimento, desafios e um ambiente que valoriza o seu potencial, venha fazer parte do nosso time. Aqui, cada talento \u00e9 reconhecido e valorizado. Candidate-se agora e transforme seu futuro com a gente !!<br \/>\nRequisitos e qualifica\u00e7\u00f5es<br \/>\nEnsino m\u00e9dio completo; Experi\u00eancia pr\u00e9via com Vendas e Atendimento ao Cliente. #Varejo #AtendimentoAoCliente #Opera\u00e7\u00f5esDeLoja #Gest\u00e3oDeEstoque #SuporteDeVendas<\/p>\n<ul>\n<li>Local de trabalho: Rio de Janeiro, RJ<\/li>\n<li>Regime de contrata\u00e7\u00e3o de tipo: Tempor\u00e1rio<\/li>\n<li>Jornada: Per\u00edodo Integral<\/li>\n<li>\u00c1rea e especializa\u00e7\u00e3o profissional: Comercial, Vendas &#8211; Venda Externa<\/li>\n<li>N\u00edvel hier\u00e1rquico: Auxiliar<\/li>\n<\/ul>\n<p>Escolaridade M\u00ednima: Ensino M\u00e9dio (2\u00ba Grau)<\/p>\n<ul>\n<li>Vale Transporte; Vale Refei\u00e7\u00e3o; Seguro de Vida.<\/li>\n<\/ul>\n<p>Sal\u00e1rio: 1872,0<\/p>\n","protected":false},"excerpt":{"rendered":"<p>Responsabilidades e atribui\u00e7\u00f5es Esta vaga tamb\u00e9m \u00e9 destinada a Pessoas com Defici\u00eancia (PCD). Valorizamos a diversidade e incentivamos a candidatura de profissionais de todos os perfis. &#8211; Apoio no Sal\u00e3o: Organiza\u00e7\u00e3o de setores e aux\u00edlio direto aos consultores para garantir a fluidez do atendimento. &#8211; Opera\u00e7\u00e3o de Estoque: Organiza\u00e7\u00e3o e reposi\u00e7\u00e3o \u00e1gil de produtos. &#8211; [&hellip;]<\/p>\n","protected":false},"author":1,"featured_media":0,"comment_status":"open","ping_status":"open","sticky":false,"template":"","format":"standard","meta":{"footnotes":""},"categories":[21],"tags":[],"class_list":["post-1779","post","type-post","status-publish","format-standard","hentry","category-rio-de-janeiro-rj"],"_links":{"self":[{"href":"https:\/\/vagas.portalemprego.com.br\/index.php?rest_route=\/wp\/v2\/posts\/1779","targetHints":{"allow":["GET"]}}],"collection":[{"href":"https:\/\/vagas.portalemprego.com.br\/index.php?rest_route=\/wp\/v2\/posts"}],"about":[{"href":"https:\/\/vagas.portalemprego.com.br\/index.php?rest_route=\/wp\/v2\/types\/post"}],"author":[{"embeddable":true,"href":"https:\/\/vagas.portalemprego.com.br\/index.php?rest_route=\/wp\/v2\/users\/1"}],"replies":[{"embeddable":true,"href":"https:\/\/vagas.portalemprego.com.br\/index.php?rest_route=%2Fwp%2Fv2%2Fcomments&post=1779"}],"version-history":[{"count":0,"href":"https:\/\/vagas.portalemprego.com.br\/index.php?rest_route=\/wp\/v2\/posts\/1779\/revisions"}],"wp:attachment":[{"href":"https:\/\/vagas.portalemprego.com.br\/index.php?rest_route=%2Fwp%2Fv2%2Fmedia&parent=1779"}],"wp:term":[{"taxonomy":"category","embeddable":true,"href":"https:\/\/vagas.portalemprego.com.br\/index.php?rest_route=%2Fwp%2Fv2%2Fcategories&post=1779"},{"taxonomy":"post_tag","embeddable":true,"href":"https:\/\/vagas.portalemprego.com.br\/index.php?rest_route=%2Fwp%2Fv2%2Ftags&post=1779"}],"curies":[{"name":"wp","href":"https:\/\/api.w.org\/{rel}","templated":true}]}}