{"id":1792,"date":"2026-04-29T06:26:26","date_gmt":"2026-04-29T09:26:26","guid":{"rendered":"https:\/\/vagas.portalemprego.com.br\/?p=1792"},"modified":"2026-04-29T06:26:26","modified_gmt":"2026-04-29T09:26:26","slug":"tecnico-de-enfermagem-ccih-saude-niteroi","status":"publish","type":"post","link":"https:\/\/vagas.portalemprego.com.br\/?p=1792","title":{"rendered":"T\u00e9cnico de Enfermagem CCIH &#8211; Sa\u00fade &#8211; Niter\u00f3i"},"content":{"rendered":"<p>Estamos buscando um T\u00e9cnico de Enfermagem CCIH para se juntar ao nosso Hospital que fica em Itaip\u00fa &#8211; Niter\u00f3i\/RJ. Esta \u00e9 uma chance de fazer parte de uma organiza\u00e7\u00e3o comprometida com a excel\u00eancia em sa\u00fade.<\/p>\n<p>Principais responsabilidades:<br \/>\nRealizar vigil\u00e2ncia epidemiol\u00f3gica das Infec\u00e7\u00f5es Relacionadas \u00e0 Assist\u00eancia \u00e0 Sa\u00fade (IRAS);<br \/>\nExecutar busca ativa de casos nas unidades assistenciais;<br \/>\nApoiar na coleta, an\u00e1lise e registro de indicadores assistenciais e epidemiol\u00f3gicos;<br \/>\nAuxiliar nas rotinas de auditoria assistencial e seguran\u00e7a do paciente;<br \/>\nMonitorar processos relacionados \u00e0 preven\u00e7\u00e3o e controle de infec\u00e7\u00f5es;<br \/>\nApoiar a\u00e7\u00f5es de educa\u00e7\u00e3o continuada junto \u00e0s equipes assistenciais;<br \/>\nGarantir o correto preenchimento de registros e rastreabilidade de informa\u00e7\u00f5es.<\/p>\n<p>Requisitos:<br \/>\nCurso T\u00e9cnico em Enfermagem completo (registro ativo no COREN\/RJ).<br \/>\nExperi\u00eancia em CCIH, SCIH ou \u00e1reas correlatas.<br \/>\nConhecimento em normas de controle de infec\u00e7\u00f5es (IRAS): Princ\u00edpios de preven\u00e7\u00e3o, higieniza\u00e7\u00e3o das m\u00e3os, precau\u00e7\u00f5es padr\u00e3o e espec\u00edficas e diretrizes da ANVISA\/CCIH.<br \/>\nDesej\u00e1vel conhecimento\u00a0em Vigil\u00e2ncia Epidemiol\u00f3gica: Busca ativa de casos, monitoramento de indicadores, no\u00e7\u00f5es de microbiologia e uso de antimicrobianos.<br \/>\nDesej\u00e1vel conhecimento em Qualidade e Seguran\u00e7a Assistencial: Auditorias, rastreabilidade de processos e an\u00e1lise de dados assistenciais e epidemiol\u00f3gicos.<\/p>\n<ul>\n<li>Local de trabalho: Niter\u00f3i, RJ<\/li>\n<li>Regime de contrata\u00e7\u00e3o de tipo: Efetivo \u2013 CLT<\/li>\n<li>Jornada: Per\u00edodo Integral<\/li>\n<li>\u00c1rea e especializa\u00e7\u00e3o profissional: Sa\u00fade &#8211; Enfermagem<\/li>\n<li>N\u00edvel hier\u00e1rquico: Assistente<\/li>\n<\/ul>\n<p>VALORIZADO<\/p>\n<p>Tempo de experi\u00eancia: Entre 1 e 3 anos<\/p>\n<p>HABILIDADES<\/p>\n<ul>\n<li>CCIH<\/li>\n<li>Controle de Infec\u00e7\u00f5es<\/li>\n<li>ANVISA<\/li>\n<\/ul>\n<p>Escolaridade M\u00ednima: Curso T\u00e9cnico<\/p>\n<p>Forma\u00e7\u00e3o desejada:<\/p>\n<ul>\n<li>Enfermagem, Curso T\u00e9cnico<\/li>\n<\/ul>\n<ul>\n<li>Wellhub (Gympass)<\/li>\n<li>Desconto em Universidades e Farm\u00e1cias<\/li>\n<li>Plano Odontol\u00f3gico<\/li>\n<li>Plano de Sa\u00fade<\/li>\n<li>Refei\u00e7\u00e3o no local<\/li>\n<li>Vale Alimenta\u00e7\u00e3o<\/li>\n<li>Vale Transporte<\/li>\n<\/ul>\n","protected":false},"excerpt":{"rendered":"<p>Estamos buscando um T\u00e9cnico de Enfermagem CCIH para se juntar ao nosso Hospital que fica em Itaip\u00fa &#8211; Niter\u00f3i\/RJ. Esta \u00e9 uma chance de fazer parte de uma organiza\u00e7\u00e3o comprometida com a excel\u00eancia em sa\u00fade. Principais responsabilidades: Realizar vigil\u00e2ncia epidemiol\u00f3gica das Infec\u00e7\u00f5es Relacionadas \u00e0 Assist\u00eancia \u00e0 Sa\u00fade (IRAS); Executar busca ativa de casos nas unidades [&hellip;]<\/p>\n","protected":false},"author":1,"featured_media":0,"comment_status":"open","ping_status":"open","sticky":false,"template":"","format":"standard","meta":{"footnotes":""},"categories":[21],"tags":[],"class_list":["post-1792","post","type-post","status-publish","format-standard","hentry","category-rio-de-janeiro-rj"],"_links":{"self":[{"href":"https:\/\/vagas.portalemprego.com.br\/index.php?rest_route=\/wp\/v2\/posts\/1792","targetHints":{"allow":["GET"]}}],"collection":[{"href":"https:\/\/vagas.portalemprego.com.br\/index.php?rest_route=\/wp\/v2\/posts"}],"about":[{"href":"https:\/\/vagas.portalemprego.com.br\/index.php?rest_route=\/wp\/v2\/types\/post"}],"author":[{"embeddable":true,"href":"https:\/\/vagas.portalemprego.com.br\/index.php?rest_route=\/wp\/v2\/users\/1"}],"replies":[{"embeddable":true,"href":"https:\/\/vagas.portalemprego.com.br\/index.php?rest_route=%2Fwp%2Fv2%2Fcomments&post=1792"}],"version-history":[{"count":0,"href":"https:\/\/vagas.portalemprego.com.br\/index.php?rest_route=\/wp\/v2\/posts\/1792\/revisions"}],"wp:attachment":[{"href":"https:\/\/vagas.portalemprego.com.br\/index.php?rest_route=%2Fwp%2Fv2%2Fmedia&parent=1792"}],"wp:term":[{"taxonomy":"category","embeddable":true,"href":"https:\/\/vagas.portalemprego.com.br\/index.php?rest_route=%2Fwp%2Fv2%2Fcategories&post=1792"},{"taxonomy":"post_tag","embeddable":true,"href":"https:\/\/vagas.portalemprego.com.br\/index.php?rest_route=%2Fwp%2Fv2%2Ftags&post=1792"}],"curies":[{"name":"wp","href":"https:\/\/api.w.org\/{rel}","templated":true}]}}