{"id":1793,"date":"2026-04-29T06:26:26","date_gmt":"2026-04-29T09:26:26","guid":{"rendered":"https:\/\/vagas.portalemprego.com.br\/?p=1793"},"modified":"2026-04-29T06:26:26","modified_gmt":"2026-04-29T09:26:26","slug":"lactarista-saude-campos-dos-goytacazes","status":"publish","type":"post","link":"https:\/\/vagas.portalemprego.com.br\/?p=1793","title":{"rendered":"Lactarista &#8211; Sa\u00fade &#8211; Campos dos Goytacazes"},"content":{"rendered":"<p>Oportunidade: A UNIMED DE CAMPOS COOPERATIVA DE TRABALHO MEDICO busca um(a) Lactarista para atuar em nossa sede. Esta \u00e9 uma chance de contribuir para a sa\u00fade e bem-estar dos pacientes com um papel fundamental no suporte m\u00e9dico.<br \/>\nFun\u00e7\u00f5es:<br \/>\nAcompanhar e gerenciar o processo de lacta\u00e7\u00e3o em pacientes;<br \/>\nReceber e conferir f\u00f3rmulas infantis industrializadas (l\u00edquidas e em p\u00f3);<br \/>\nApoiar na coleta e an\u00e1lise de dados relacionados \u00e0 lacta\u00e7\u00e3o;<br \/>\nRegistrar e monitorar temperaturas de refrigeradores e freezers diariamente;<br \/>\nControlar prazos de validade e tempo m\u00e1ximo de uso das prepara\u00e7\u00f5es;<br \/>\n Registrar diariamente quantidade de mamadeiras preparadas, entregues e recolhidas;<br \/>\nIdentificar corretamente as f\u00f3rmulas (nome do paciente, leito, data, hora e validade);<br \/>\nRealizar higieniza\u00e7\u00e3o do ambiente conforme POP do lact\u00e1rio.<\/p>\n<p>Requisitos:<br \/>\nEnsino m\u00e9dio completo;<br \/>\nExperi\u00eancia anterior na \u00e1rea ser\u00e1 um diferencial.<\/p>\n<p>Benef\u00edcios:<br \/>\nPlano de sa\u00fade<br \/>\nPlano Odontol\u00f3gico<br \/>\nVale alimenta\u00e7\u00e3o\/Refei\u00e7\u00e3o<br \/>\nWellhub (Gympass)<br \/>\nDay off anivers\u00e1rio<\/p>\n<p>Esta \u00e9 uma oportunidade para quem deseja atuar em um ambiente que valoriza o bem-estar dos pacientes e busca profissionais comprometidos com a excel\u00eancia em sa\u00fade.<\/p>\n<ul>\n<li>Local de trabalho: Campos dos Goytacazes, RJ<\/li>\n<li>Regime de contrata\u00e7\u00e3o de tipo: Efetivo \u2013 CLT<\/li>\n<li>Jornada: Per\u00edodo Integral<\/li>\n<li>\u00c1rea e especializa\u00e7\u00e3o profissional: Sa\u00fade &#8211; Nutri\u00e7\u00e3o<\/li>\n<li>N\u00edvel hier\u00e1rquico: Operacional<\/li>\n<\/ul>\n<p>Escolaridade M\u00ednima: Ensino M\u00e9dio (2\u00ba Grau)<\/p>\n","protected":false},"excerpt":{"rendered":"<p>Oportunidade: A UNIMED DE CAMPOS COOPERATIVA DE TRABALHO MEDICO busca um(a) Lactarista para atuar em nossa sede. Esta \u00e9 uma chance de contribuir para a sa\u00fade e bem-estar dos pacientes com um papel fundamental no suporte m\u00e9dico. Fun\u00e7\u00f5es: Acompanhar e gerenciar o processo de lacta\u00e7\u00e3o em pacientes; Receber e conferir f\u00f3rmulas infantis industrializadas (l\u00edquidas e [&hellip;]<\/p>\n","protected":false},"author":1,"featured_media":0,"comment_status":"open","ping_status":"open","sticky":false,"template":"","format":"standard","meta":{"footnotes":""},"categories":[21],"tags":[],"class_list":["post-1793","post","type-post","status-publish","format-standard","hentry","category-rio-de-janeiro-rj"],"_links":{"self":[{"href":"https:\/\/vagas.portalemprego.com.br\/index.php?rest_route=\/wp\/v2\/posts\/1793","targetHints":{"allow":["GET"]}}],"collection":[{"href":"https:\/\/vagas.portalemprego.com.br\/index.php?rest_route=\/wp\/v2\/posts"}],"about":[{"href":"https:\/\/vagas.portalemprego.com.br\/index.php?rest_route=\/wp\/v2\/types\/post"}],"author":[{"embeddable":true,"href":"https:\/\/vagas.portalemprego.com.br\/index.php?rest_route=\/wp\/v2\/users\/1"}],"replies":[{"embeddable":true,"href":"https:\/\/vagas.portalemprego.com.br\/index.php?rest_route=%2Fwp%2Fv2%2Fcomments&post=1793"}],"version-history":[{"count":0,"href":"https:\/\/vagas.portalemprego.com.br\/index.php?rest_route=\/wp\/v2\/posts\/1793\/revisions"}],"wp:attachment":[{"href":"https:\/\/vagas.portalemprego.com.br\/index.php?rest_route=%2Fwp%2Fv2%2Fmedia&parent=1793"}],"wp:term":[{"taxonomy":"category","embeddable":true,"href":"https:\/\/vagas.portalemprego.com.br\/index.php?rest_route=%2Fwp%2Fv2%2Fcategories&post=1793"},{"taxonomy":"post_tag","embeddable":true,"href":"https:\/\/vagas.portalemprego.com.br\/index.php?rest_route=%2Fwp%2Fv2%2Ftags&post=1793"}],"curies":[{"name":"wp","href":"https:\/\/api.w.org\/{rel}","templated":true}]}}