{"id":1794,"date":"2026-04-29T06:27:27","date_gmt":"2026-04-29T09:27:27","guid":{"rendered":"https:\/\/vagas.portalemprego.com.br\/?p=1794"},"modified":"2026-04-29T06:27:27","modified_gmt":"2026-04-29T09:27:27","slug":"fiscal-de-loja-shopping-boulevard-vila-isabel-rj-comercial-vendas-rio-de-janeiro","status":"publish","type":"post","link":"https:\/\/vagas.portalemprego.com.br\/?p=1794","title":{"rendered":"Fiscal de Loja &#8211; Shopping Boulevard Vila Isabel\/RJ &#8211; Comercial, Vendas &#8211; Rio de Janeiro"},"content":{"rendered":"<p>Sobre a vaga:<br \/>\nTrabalhamos para voc\u00ea ser mais voc\u00ea em todos os momentos, come\u00e7ando pela sua carreira. Se voc\u00ea se identifica conosco e procura uma empresa, acima de tudo, apaixonada por pessoas, #VemPraCeA!<\/p>\n<p>Principais atribui\u00e7\u00f5es:<br \/>\n&#8211; Atua\u00e7\u00e3o com Preven\u00e7\u00e3o de Perdas;<br \/>\n&#8211; Execu\u00e7\u00e3o dos processos e procedimentos preventivos;<br \/>\n&#8211; An\u00e1lise de Perdas: conceitos e t\u00e9cnicas relacionadas \u00e0 investiga\u00e7\u00e3o de problemas operacionais e an\u00e1lise de resultados.<\/p>\n<p>Requisitos Obrigat\u00f3rios:<br \/>\n&#8211; Ensino m\u00e9dio completo;<br \/>\n&#8211; Disponibilidade para fechamento de loja em shopping (das 15:30 \u00e0s 23:30, podendo ser estendido);<br \/>\n&#8211; Desej\u00e1vel experi\u00eancia como Fiscal de Loja;<br \/>\n&#8211; Viv\u00eancia em varejo \u00e9 um diferencial.<\/p>\n<ul>\n<li>Local de trabalho: Rio de Janeiro, RJ<\/li>\n<li>Regime de contrata\u00e7\u00e3o de tipo: Efetivo \u2013 CLT<\/li>\n<li>Jornada: Per\u00edodo Integral<\/li>\n<li>\u00c1rea e especializa\u00e7\u00e3o profissional: Comercial, Vendas &#8211; Lojas \/ Shopping<\/li>\n<li>N\u00edvel hier\u00e1rquico: Assistente<\/li>\n<\/ul>\n<p>Escolaridade M\u00ednima: Ensino M\u00e9dio (2\u00ba Grau)<\/p>\n<p>Forma\u00e7\u00e3o desejada:<\/p>\n<ul>\n<li>Ensino M\u00e9dio (2\u00ba Grau)<\/li>\n<\/ul>\n<ul>\n<li>Assist\u00eancia m\u00e9dica e odontol\u00f3gica (ap\u00f3s 12 meses)<\/li>\n<li>Desconto de 20% nos produtos C&amp;A<\/li>\n<li>Telemedicina e Teleterapias<\/li>\n<li>Wellhub (Gympass)<\/li>\n<li>Apoio jur\u00eddico, social e psicol\u00f3gico<\/li>\n<li>Conv\u00eanio Farm\u00e1cia<\/li>\n<li>Restaurante interno ou vale-refei\u00e7\u00e3o<\/li>\n<li>Day-off \u2013 folga de anivers\u00e1rio<\/li>\n<li>Participa\u00e7\u00e3o de lucros<\/li>\n<li>Vale transporte<\/li>\n<\/ul>\n","protected":false},"excerpt":{"rendered":"<p>Sobre a vaga: Trabalhamos para voc\u00ea ser mais voc\u00ea em todos os momentos, come\u00e7ando pela sua carreira. Se voc\u00ea se identifica conosco e procura uma empresa, acima de tudo, apaixonada por pessoas, #VemPraCeA! Principais atribui\u00e7\u00f5es: &#8211; Atua\u00e7\u00e3o com Preven\u00e7\u00e3o de Perdas; &#8211; Execu\u00e7\u00e3o dos processos e procedimentos preventivos; &#8211; An\u00e1lise de Perdas: conceitos e t\u00e9cnicas [&hellip;]<\/p>\n","protected":false},"author":1,"featured_media":0,"comment_status":"open","ping_status":"open","sticky":false,"template":"","format":"standard","meta":{"footnotes":""},"categories":[21],"tags":[],"class_list":["post-1794","post","type-post","status-publish","format-standard","hentry","category-rio-de-janeiro-rj"],"_links":{"self":[{"href":"https:\/\/vagas.portalemprego.com.br\/index.php?rest_route=\/wp\/v2\/posts\/1794","targetHints":{"allow":["GET"]}}],"collection":[{"href":"https:\/\/vagas.portalemprego.com.br\/index.php?rest_route=\/wp\/v2\/posts"}],"about":[{"href":"https:\/\/vagas.portalemprego.com.br\/index.php?rest_route=\/wp\/v2\/types\/post"}],"author":[{"embeddable":true,"href":"https:\/\/vagas.portalemprego.com.br\/index.php?rest_route=\/wp\/v2\/users\/1"}],"replies":[{"embeddable":true,"href":"https:\/\/vagas.portalemprego.com.br\/index.php?rest_route=%2Fwp%2Fv2%2Fcomments&post=1794"}],"version-history":[{"count":0,"href":"https:\/\/vagas.portalemprego.com.br\/index.php?rest_route=\/wp\/v2\/posts\/1794\/revisions"}],"wp:attachment":[{"href":"https:\/\/vagas.portalemprego.com.br\/index.php?rest_route=%2Fwp%2Fv2%2Fmedia&parent=1794"}],"wp:term":[{"taxonomy":"category","embeddable":true,"href":"https:\/\/vagas.portalemprego.com.br\/index.php?rest_route=%2Fwp%2Fv2%2Fcategories&post=1794"},{"taxonomy":"post_tag","embeddable":true,"href":"https:\/\/vagas.portalemprego.com.br\/index.php?rest_route=%2Fwp%2Fv2%2Ftags&post=1794"}],"curies":[{"name":"wp","href":"https:\/\/api.w.org\/{rel}","templated":true}]}}