{"id":1797,"date":"2026-04-29T06:27:27","date_gmt":"2026-04-29T09:27:27","guid":{"rendered":"https:\/\/vagas.portalemprego.com.br\/?p=1797"},"modified":"2026-04-29T06:27:27","modified_gmt":"2026-04-29T09:27:27","slug":"recepcionista-temporario-botafogo-administracao-rio-de-janeiro","status":"publish","type":"post","link":"https:\/\/vagas.portalemprego.com.br\/?p=1797","title":{"rendered":"RECEPCIONISTA | Tempor\u00e1rio &#8211; Botafogo &#8211; Administra\u00e7\u00e3o &#8211; Rio de Janeiro"},"content":{"rendered":"<p>O\u00a0profissional\u00a0ir\u00e1\u00a0executar\u00a0atividades\u00a0na\u00a0assist\u00eancia\u00a0de\u00a0enfermagem\u00a0aos\u00a0pacientes\u00a0em\u00a0atendimento\u00a0na\u00a0institui\u00e7\u00e3o,\u00a0utilizando\u00a0t\u00e9cnicas\u00a0apropriadas\u00a0para\u00a0cada\u00a0procedimento\u00a0e\u00a0trabalhando\u00a0conforme\u00a0as\u00a0boas\u00a0pr\u00e1ticas,\u00a0normas\u00a0e\u00a0procedimentos\u00a0de\u00a0biosseguran\u00e7a\u00a0e\u00a0conforme\u00a0prerrogativas\u00a0estabelecidas\u00a0pelo\u00a0Conselho\u00a0de\u00a0Classe,\u00a0contribuindo\u00a0com\u00a0o\u00a0tratamento\u00a0e\u00a0recupera\u00e7\u00e3o\u00a0do\u00a0paciente.<\/p>\n<p>Perfil\u00a0esperado\u00a0\/\u00a0requisitos<br \/>\nEnsino\u00a0M\u00e9dio\u00a0Completo;<br \/>\nExperi\u00eancia\u00a01\u00a0ano\u00a0em\u00a0atendimento\u00a0ao\u00a0Cliente,\u00a0desej\u00e1vel\u00a0na\u00a0\u00e1rea\u00a0hospitalar;<br \/>\nConhecimento\u00a0do\u00a0sistema\u00a0Sishop\u00a0(WPD);<br \/>\nConhecimento\u00a0em\u00a0pacote\u00a0office;<br \/>\nDisponibilidade\u00a0para\u00a0atuar\u00a0das\u00a007h00\u00a0\u00e1s\u00a019h00\u00a0&#8211;\u00a012&#215;36\u00a0&#8211;\u00a0A\u00a0vaga\u00a0\u00e9\u00a0para\u00a0diarista<br \/>\nTempor\u00e1rio\u00a090\u00a0dias-\u00a0Com\u00a0possibilidade\u00a0de\u00a0prorrogar<br \/>\nLocal:\u00a0\u00a0Botafogo,\u00a0Rio\u00a0de\u00a0Janeiro\u00a0&#8211;\u00a0RJ<\/p>\n<ul>\n<li>Local de trabalho: Rio de Janeiro, RJ<\/li>\n<li>Regime de contrata\u00e7\u00e3o de tipo: Tempor\u00e1rio<\/li>\n<li>Jornada: Per\u00edodo Integral<\/li>\n<li>\u00c1rea e especializa\u00e7\u00e3o profissional: Administra\u00e7\u00e3o &#8211; Recep\u00e7\u00e3o<\/li>\n<li>N\u00edvel hier\u00e1rquico: Auxiliar<\/li>\n<\/ul>\n<p>VALORIZADO<\/p>\n<p>Tempo de experi\u00eancia: Entre 1 e 3 anos<\/p>\n<p>Escolaridade M\u00ednima: Ensino M\u00e9dio (2\u00ba Grau)<\/p>\n<ul>\n<li>VALE TRANSPORTE<\/li>\n<li>REFEITORIO NO LOCAL<\/li>\n<\/ul>\n<p>Sal\u00e1rio: 1695,0<\/p>\n","protected":false},"excerpt":{"rendered":"<p>O\u00a0profissional\u00a0ir\u00e1\u00a0executar\u00a0atividades\u00a0na\u00a0assist\u00eancia\u00a0de\u00a0enfermagem\u00a0aos\u00a0pacientes\u00a0em\u00a0atendimento\u00a0na\u00a0institui\u00e7\u00e3o,\u00a0utilizando\u00a0t\u00e9cnicas\u00a0apropriadas\u00a0para\u00a0cada\u00a0procedimento\u00a0e\u00a0trabalhando\u00a0conforme\u00a0as\u00a0boas\u00a0pr\u00e1ticas,\u00a0normas\u00a0e\u00a0procedimentos\u00a0de\u00a0biosseguran\u00e7a\u00a0e\u00a0conforme\u00a0prerrogativas\u00a0estabelecidas\u00a0pelo\u00a0Conselho\u00a0de\u00a0Classe,\u00a0contribuindo\u00a0com\u00a0o\u00a0tratamento\u00a0e\u00a0recupera\u00e7\u00e3o\u00a0do\u00a0paciente. Perfil\u00a0esperado\u00a0\/\u00a0requisitos Ensino\u00a0M\u00e9dio\u00a0Completo; Experi\u00eancia\u00a01\u00a0ano\u00a0em\u00a0atendimento\u00a0ao\u00a0Cliente,\u00a0desej\u00e1vel\u00a0na\u00a0\u00e1rea\u00a0hospitalar; Conhecimento\u00a0do\u00a0sistema\u00a0Sishop\u00a0(WPD); Conhecimento\u00a0em\u00a0pacote\u00a0office; Disponibilidade\u00a0para\u00a0atuar\u00a0das\u00a007h00\u00a0\u00e1s\u00a019h00\u00a0&#8211;\u00a012&#215;36\u00a0&#8211;\u00a0A\u00a0vaga\u00a0\u00e9\u00a0para\u00a0diarista Tempor\u00e1rio\u00a090\u00a0dias-\u00a0Com\u00a0possibilidade\u00a0de\u00a0prorrogar Local:\u00a0\u00a0Botafogo,\u00a0Rio\u00a0de\u00a0Janeiro\u00a0&#8211;\u00a0RJ Local de trabalho: Rio de Janeiro, RJ Regime de contrata\u00e7\u00e3o de tipo: Tempor\u00e1rio Jornada: Per\u00edodo Integral \u00c1rea e especializa\u00e7\u00e3o profissional: Administra\u00e7\u00e3o &#8211; Recep\u00e7\u00e3o N\u00edvel hier\u00e1rquico: Auxiliar VALORIZADO Tempo de experi\u00eancia: Entre 1 e 3 anos Escolaridade M\u00ednima: Ensino M\u00e9dio (2\u00ba Grau) VALE TRANSPORTE REFEITORIO NO LOCAL [&hellip;]<\/p>\n","protected":false},"author":1,"featured_media":0,"comment_status":"open","ping_status":"open","sticky":false,"template":"","format":"standard","meta":{"footnotes":""},"categories":[21],"tags":[],"class_list":["post-1797","post","type-post","status-publish","format-standard","hentry","category-rio-de-janeiro-rj"],"_links":{"self":[{"href":"https:\/\/vagas.portalemprego.com.br\/index.php?rest_route=\/wp\/v2\/posts\/1797","targetHints":{"allow":["GET"]}}],"collection":[{"href":"https:\/\/vagas.portalemprego.com.br\/index.php?rest_route=\/wp\/v2\/posts"}],"about":[{"href":"https:\/\/vagas.portalemprego.com.br\/index.php?rest_route=\/wp\/v2\/types\/post"}],"author":[{"embeddable":true,"href":"https:\/\/vagas.portalemprego.com.br\/index.php?rest_route=\/wp\/v2\/users\/1"}],"replies":[{"embeddable":true,"href":"https:\/\/vagas.portalemprego.com.br\/index.php?rest_route=%2Fwp%2Fv2%2Fcomments&post=1797"}],"version-history":[{"count":0,"href":"https:\/\/vagas.portalemprego.com.br\/index.php?rest_route=\/wp\/v2\/posts\/1797\/revisions"}],"wp:attachment":[{"href":"https:\/\/vagas.portalemprego.com.br\/index.php?rest_route=%2Fwp%2Fv2%2Fmedia&parent=1797"}],"wp:term":[{"taxonomy":"category","embeddable":true,"href":"https:\/\/vagas.portalemprego.com.br\/index.php?rest_route=%2Fwp%2Fv2%2Fcategories&post=1797"},{"taxonomy":"post_tag","embeddable":true,"href":"https:\/\/vagas.portalemprego.com.br\/index.php?rest_route=%2Fwp%2Fv2%2Ftags&post=1797"}],"curies":[{"name":"wp","href":"https:\/\/api.w.org\/{rel}","templated":true}]}}