{"id":1799,"date":"2026-04-29T06:27:27","date_gmt":"2026-04-29T09:27:27","guid":{"rendered":"https:\/\/vagas.portalemprego.com.br\/?p=1799"},"modified":"2026-04-29T06:27:27","modified_gmt":"2026-04-29T09:27:27","slug":"porteiro-seguranca-rio-de-janeiro-2","status":"publish","type":"post","link":"https:\/\/vagas.portalemprego.com.br\/?p=1799","title":{"rendered":"Porteiro &#8211; Seguran\u00e7a &#8211; Rio de Janeiro"},"content":{"rendered":"<p>Condom\u00ednio residencial contrata para o cargo de PORTEIRO. <\/p>\n<p>Atividades:<br \/>\n&#8211; Controlar a entrada e sa\u00edda de pessoas e ve\u00edculos no local;<br \/>\n&#8211; Registrar visitantes e fornecer orienta\u00e7\u00f5es sobre as instala\u00e7\u00f5es;<br \/>\n&#8211; Monitorar c\u00e2meras de seguran\u00e7a;<br \/>\n&#8211; Atender chamadas telef\u00f4nicas e correspond\u00eancias.<\/p>\n<p>Hor\u00e1rio: Escala 12&#215;36, de 07h \u00e0s 19h OU 19h \u00e0s 07h. <\/p>\n<p>Local: Barra da Tijuca <\/p>\n<p>Oferece sal\u00e1rio de R$ 1.973,76 + VT + VA (R$ 23\/dia) + Plano de Sa\u00fade e Odontol\u00f3gico. <\/p>\n<p>Necess\u00e1rio:<br \/>\n&#8211; Ensino fundamental completo;<br \/>\n&#8211; Experi\u00eancia anterior como porteiro;<br \/>\n&#8211; Disponibilidade para turnos variados.<\/p>\n<ul>\n<li>Local de trabalho: Rio de Janeiro, RJ<\/li>\n<li>Regime de contrata\u00e7\u00e3o de tipo: Efetivo \u2013 CLT<\/li>\n<li>Jornada: Per\u00edodo Integral<\/li>\n<li>\u00c1rea e especializa\u00e7\u00e3o profissional: Seguran\u00e7a &#8211; Portaria Industrial, Comercial, Resid\u00eancial<\/li>\n<li>N\u00edvel hier\u00e1rquico: Operacional<\/li>\n<\/ul>\n<p>Escolaridade M\u00ednima: Ensino Fundamental (1\u00ba grau)<\/p>\n<p>Sal\u00e1rio: 1973,76<\/p>\n","protected":false},"excerpt":{"rendered":"<p>Condom\u00ednio residencial contrata para o cargo de PORTEIRO. Atividades: &#8211; Controlar a entrada e sa\u00edda de pessoas e ve\u00edculos no local; &#8211; Registrar visitantes e fornecer orienta\u00e7\u00f5es sobre as instala\u00e7\u00f5es; &#8211; Monitorar c\u00e2meras de seguran\u00e7a; &#8211; Atender chamadas telef\u00f4nicas e correspond\u00eancias. Hor\u00e1rio: Escala 12&#215;36, de 07h \u00e0s 19h OU 19h \u00e0s 07h. Local: Barra da [&hellip;]<\/p>\n","protected":false},"author":1,"featured_media":0,"comment_status":"open","ping_status":"open","sticky":false,"template":"","format":"standard","meta":{"footnotes":""},"categories":[21],"tags":[],"class_list":["post-1799","post","type-post","status-publish","format-standard","hentry","category-rio-de-janeiro-rj"],"_links":{"self":[{"href":"https:\/\/vagas.portalemprego.com.br\/index.php?rest_route=\/wp\/v2\/posts\/1799","targetHints":{"allow":["GET"]}}],"collection":[{"href":"https:\/\/vagas.portalemprego.com.br\/index.php?rest_route=\/wp\/v2\/posts"}],"about":[{"href":"https:\/\/vagas.portalemprego.com.br\/index.php?rest_route=\/wp\/v2\/types\/post"}],"author":[{"embeddable":true,"href":"https:\/\/vagas.portalemprego.com.br\/index.php?rest_route=\/wp\/v2\/users\/1"}],"replies":[{"embeddable":true,"href":"https:\/\/vagas.portalemprego.com.br\/index.php?rest_route=%2Fwp%2Fv2%2Fcomments&post=1799"}],"version-history":[{"count":0,"href":"https:\/\/vagas.portalemprego.com.br\/index.php?rest_route=\/wp\/v2\/posts\/1799\/revisions"}],"wp:attachment":[{"href":"https:\/\/vagas.portalemprego.com.br\/index.php?rest_route=%2Fwp%2Fv2%2Fmedia&parent=1799"}],"wp:term":[{"taxonomy":"category","embeddable":true,"href":"https:\/\/vagas.portalemprego.com.br\/index.php?rest_route=%2Fwp%2Fv2%2Fcategories&post=1799"},{"taxonomy":"post_tag","embeddable":true,"href":"https:\/\/vagas.portalemprego.com.br\/index.php?rest_route=%2Fwp%2Fv2%2Ftags&post=1799"}],"curies":[{"name":"wp","href":"https:\/\/api.w.org\/{rel}","templated":true}]}}