{"id":1800,"date":"2026-04-29T06:27:27","date_gmt":"2026-04-29T09:27:27","guid":{"rendered":"https:\/\/vagas.portalemprego.com.br\/?p=1800"},"modified":"2026-04-29T06:27:27","modified_gmt":"2026-04-29T09:27:27","slug":"mecanico-refrigeracao-engenharia-rio-de-janeiro","status":"publish","type":"post","link":"https:\/\/vagas.portalemprego.com.br\/?p=1800","title":{"rendered":"Mec\u00e2nico Refrigera\u00e7\u00e3o &#8211; Engenharia &#8211; Rio de Janeiro"},"content":{"rendered":"<p>Instalar e executar atividades de manuten\u00e7\u00e3o corretiva e preventiva em equipamentos e acess\u00f3rios dos sistemas de refrigera\u00e7\u00e3o e instala\u00e7\u00f5es de utilidades.<br \/>\nExecuta a limpeza e a substitui\u00e7\u00e3o de filtros de insuflamento de ar nos ambientes, do tipo fino, absoluto, serpentinas de refrigera\u00e7\u00e3o, difusores, bandejas e drenos de equipamentos e instala\u00e7\u00f5es de ar condicionado em \u00e1reas como Centros Cir\u00fargicos, Pronto Atendimento, Radiologia, Medicina Nuclear, Leitos de Interna\u00e7\u00e3o, Unidades de Terapia Intensiva e Semi-Intensiva, Unidade Coronariana, CME, Laborat\u00f3rio, Banco de Sangue, Expurgos, Setores Administrativos, cumprindo cronograma previamente estabelecido e exig\u00eancias legais PMOC;<br \/>\nExecuta a manuten\u00e7\u00e3o corretiva e preventiva da Central de V\u00e1cuo e Ar Comprimido, incluindo bombas de v\u00e1cuo, filtros, secadores, compressores, v\u00e1lvulas e acess\u00f3rios, a fim de manter as linhas de v\u00e1cuo e ar comprimido do hospital em boas condi\u00e7\u00f5es de assepsia, secagem e press\u00e3o;<br \/>\nInstala equipamentos de refrigera\u00e7\u00e3o, fancoletes, dutos e seus acess\u00f3rios;<br \/>\nExecuta manuten\u00e7\u00e3o corretiva e preventiva de refrigeradores, c\u00e2maras frias, caldeiras, bombas, equipamentos de cozinha, localizando defeitos, soldando tubula\u00e7\u00f5es e substituindo componentes;<br \/>\nSubstitui pe\u00e7as e componentes de m\u00e1quinas e equipamentos, medindo e ajustando dimens\u00f5es;<br \/>\nExecuta trabalhos em dutos;<br \/>\nSubstitui componentes e circuitos el\u00e9tricos, termostatos, pressostatos, ventoinhas e motores;<br \/>\nMantem limpo e organizado ambientes, ferramentas e materiais de trabalho, zelando pelo cumprimento das normas de seguran\u00e7a do Hospital.<br \/>\nEscolaridade: Ensino M\u00e9dio completo.<br \/>\nDESEJ\u00c1VEL:<br \/>\nCurso em Mec\u00e2nica de Refrigera\u00e7\u00e3o ou Mecatr\u00f4nica. Conhecimento t\u00e9cnico em sistemas de ar condicionado, ar comprimido, gera\u00e7\u00e3o de vapor, \u00e1gua quente e v\u00e1cuo.<\/p>\n<ul>\n<li>Local de trabalho: Rio de Janeiro, RJ<\/li>\n<li>Regime de contrata\u00e7\u00e3o de tipo: Efetivo \u2013 CLT<\/li>\n<li>Jornada: Per\u00edodo Integral<\/li>\n<li>\u00c1rea e especializa\u00e7\u00e3o profissional: Engenharia &#8211; Engenharia El\u00e9trica, Eletr\u00f4nica, Eletrot\u00e9cnica<\/li>\n<li>N\u00edvel hier\u00e1rquico: Operacional<\/li>\n<\/ul>\n<p>Escolaridade M\u00ednima: Curso T\u00e9cnico<\/p>\n","protected":false},"excerpt":{"rendered":"<p>Instalar e executar atividades de manuten\u00e7\u00e3o corretiva e preventiva em equipamentos e acess\u00f3rios dos sistemas de refrigera\u00e7\u00e3o e instala\u00e7\u00f5es de utilidades. Executa a limpeza e a substitui\u00e7\u00e3o de filtros de insuflamento de ar nos ambientes, do tipo fino, absoluto, serpentinas de refrigera\u00e7\u00e3o, difusores, bandejas e drenos de equipamentos e instala\u00e7\u00f5es de ar condicionado em \u00e1reas [&hellip;]<\/p>\n","protected":false},"author":1,"featured_media":0,"comment_status":"open","ping_status":"open","sticky":false,"template":"","format":"standard","meta":{"footnotes":""},"categories":[21],"tags":[],"class_list":["post-1800","post","type-post","status-publish","format-standard","hentry","category-rio-de-janeiro-rj"],"_links":{"self":[{"href":"https:\/\/vagas.portalemprego.com.br\/index.php?rest_route=\/wp\/v2\/posts\/1800","targetHints":{"allow":["GET"]}}],"collection":[{"href":"https:\/\/vagas.portalemprego.com.br\/index.php?rest_route=\/wp\/v2\/posts"}],"about":[{"href":"https:\/\/vagas.portalemprego.com.br\/index.php?rest_route=\/wp\/v2\/types\/post"}],"author":[{"embeddable":true,"href":"https:\/\/vagas.portalemprego.com.br\/index.php?rest_route=\/wp\/v2\/users\/1"}],"replies":[{"embeddable":true,"href":"https:\/\/vagas.portalemprego.com.br\/index.php?rest_route=%2Fwp%2Fv2%2Fcomments&post=1800"}],"version-history":[{"count":0,"href":"https:\/\/vagas.portalemprego.com.br\/index.php?rest_route=\/wp\/v2\/posts\/1800\/revisions"}],"wp:attachment":[{"href":"https:\/\/vagas.portalemprego.com.br\/index.php?rest_route=%2Fwp%2Fv2%2Fmedia&parent=1800"}],"wp:term":[{"taxonomy":"category","embeddable":true,"href":"https:\/\/vagas.portalemprego.com.br\/index.php?rest_route=%2Fwp%2Fv2%2Fcategories&post=1800"},{"taxonomy":"post_tag","embeddable":true,"href":"https:\/\/vagas.portalemprego.com.br\/index.php?rest_route=%2Fwp%2Fv2%2Ftags&post=1800"}],"curies":[{"name":"wp","href":"https:\/\/api.w.org\/{rel}","templated":true}]}}