{"id":1801,"date":"2026-04-29T06:27:27","date_gmt":"2026-04-29T09:27:27","guid":{"rendered":"https:\/\/vagas.portalemprego.com.br\/?p=1801"},"modified":"2026-04-29T06:27:27","modified_gmt":"2026-04-29T09:27:27","slug":"cadastro-exclusivo-para-pcd-pessoa-com-deficiencia-logistica-duque-de-caxias","status":"publish","type":"post","link":"https:\/\/vagas.portalemprego.com.br\/?p=1801","title":{"rendered":"Cadastro Exclusivo Para PCD &#8211;  Pessoa Com Defici\u00eancia &#8211; Log\u00edstica &#8211; Duque de Caxias"},"content":{"rendered":"<p>Somos a Patrus Transportes, uma empresa que tem as pessoas como o seu maior ativo e que coloca paix\u00e3o em cada detalhe. Olho no olho \u00e9 premissa a ser seguida e dar a nossa palavra como garantia \u00e9 prova de transpar\u00eancia e responsabilidade. Estamos sempre buscando os melhores caminhos e comprometidos com o melhor resultado. <\/p>\n<p>Se interessou e quer compor este time que trabalha diariamente para manter o Brasil em movimento, conectando ind\u00fastrias e pessoas? <\/p>\n<p>Vamos l\u00e1 ent\u00e3o&#8230;<\/p>\n<p>ESSE CADASTRO \u00c9 EXCLUSIVO PARA PESSOA COM DEFICI\u00caNCIA (PCD)<\/p>\n<p>\u2022 \u00c1REA OPERACIONAL<\/p>\n<p>O QUE VOC\u00ca GANHA COMPONDO O NOSSO TIME?<\/p>\n<p>\u2022 Plano de sa\u00fade<br \/>\n\u2022 Plano Odontol\u00f3gico<br \/>\n\u2022 Alimenta\u00e7\u00e3o de acordo com a politica da unidade<br \/>\n\u2022 Vale Transporte<br \/>\n\u2022 Wellhurb<br \/>\n\u2022 Kit Beb\u00ea<br \/>\n\u2022 Kit Escolar<br \/>\n\u2022 Previd\u00eancia Privada<br \/>\n\u2022 Seguro de Vida<\/p>\n<p>O QUE VOC\u00ca PRECISA DE TER PARA SE JUNTAR A N\u00d3S?<\/p>\n<p>\u2022 Ensino M\u00e9dio Completo, Superior em andamento ou Superior Completo<br \/>\n\u2022 Inform\u00e1tica com utiliza\u00e7\u00e3o de aplicativos como Word, Excel, PowerPoint, Outlook e internet;<br \/>\n\u2022 \u00c1rea profissional administrativa<\/p>\n<p>O QUE PODE SER UM DIFERENCIAL?<\/p>\n<p>\u2022 Experi\u00eancia em transportadoras \/ centro de distribui\u00e7\u00e3o e log\u00edstico;<br \/>\n\u2022 No\u00e7\u00f5es de processos log\u00edsticos e de transportadora;<br \/>\n\u2022 No\u00e7\u00f5es das ferramentas da qualidade, melhoria continua<\/p>\n<p>LOCAL DE TRABALHO: Unidade RIO \/ DUQUE DE CAXIAS<br \/>\nRodovia Washington Luiz, 7749, Galp\u00e3o 1, Armaz\u00e9ns 09 a 21, Vila S\u00e3o Luis \u2013 Duque de Caxias\/RJ<\/p>\n<p>TODAS AS ETAPAS ONLINE S\u00c3O CLASSIFICAT\u00d3RIAS<\/p>\n<p>MAIS DO QUE UMA EMPRESA DE TRANSPORTES, SOMOS A PATRUS. VENHA FAZER PARTE DO O NOSSO TIME.<\/p>\n<ul>\n<li>Local de trabalho: Duque de Caxias, RJ<\/li>\n<li>Regime de contrata\u00e7\u00e3o de tipo: Efetivo \u2013 CLT<\/li>\n<li>Jornada: Per\u00edodo Integral<\/li>\n<li>\u00c1rea e especializa\u00e7\u00e3o profissional: Log\u00edstica &#8211; Transporte<\/li>\n<li>N\u00edvel hier\u00e1rquico: Operacional<\/li>\n<\/ul>\n<p>HABILIDADES<\/p>\n<ul>\n<li>Organiza\u00e7\u00e3o<\/li>\n<li>Agilidade<\/li>\n<li>Bom relacionamento interpessoal<\/li>\n<li>Dinamismo<\/li>\n<li>Analitico<\/li>\n<li>Aten\u00e7\u00e3o<\/li>\n<li>Concentra\u00e7\u00e3o<\/li>\n<\/ul>\n<p>Escolaridade M\u00ednima: Ensino M\u00e9dio (2\u00ba Grau)<\/p>\n<ul>\n<li>Previd\u00eancia Privada<\/li>\n<li>Vale Transporte<\/li>\n<li>Kit Escolar<\/li>\n<li>Totalpass<\/li>\n<li>Seguro de Vida<\/li>\n<li>Kit Beb\u00ea<\/li>\n<\/ul>\n","protected":false},"excerpt":{"rendered":"<p>Somos a Patrus Transportes, uma empresa que tem as pessoas como o seu maior ativo e que coloca paix\u00e3o em cada detalhe. Olho no olho \u00e9 premissa a ser seguida e dar a nossa palavra como garantia \u00e9 prova de transpar\u00eancia e responsabilidade. Estamos sempre buscando os melhores caminhos e comprometidos com o melhor resultado. [&hellip;]<\/p>\n","protected":false},"author":1,"featured_media":0,"comment_status":"open","ping_status":"open","sticky":false,"template":"","format":"standard","meta":{"footnotes":""},"categories":[21],"tags":[],"class_list":["post-1801","post","type-post","status-publish","format-standard","hentry","category-rio-de-janeiro-rj"],"_links":{"self":[{"href":"https:\/\/vagas.portalemprego.com.br\/index.php?rest_route=\/wp\/v2\/posts\/1801","targetHints":{"allow":["GET"]}}],"collection":[{"href":"https:\/\/vagas.portalemprego.com.br\/index.php?rest_route=\/wp\/v2\/posts"}],"about":[{"href":"https:\/\/vagas.portalemprego.com.br\/index.php?rest_route=\/wp\/v2\/types\/post"}],"author":[{"embeddable":true,"href":"https:\/\/vagas.portalemprego.com.br\/index.php?rest_route=\/wp\/v2\/users\/1"}],"replies":[{"embeddable":true,"href":"https:\/\/vagas.portalemprego.com.br\/index.php?rest_route=%2Fwp%2Fv2%2Fcomments&post=1801"}],"version-history":[{"count":0,"href":"https:\/\/vagas.portalemprego.com.br\/index.php?rest_route=\/wp\/v2\/posts\/1801\/revisions"}],"wp:attachment":[{"href":"https:\/\/vagas.portalemprego.com.br\/index.php?rest_route=%2Fwp%2Fv2%2Fmedia&parent=1801"}],"wp:term":[{"taxonomy":"category","embeddable":true,"href":"https:\/\/vagas.portalemprego.com.br\/index.php?rest_route=%2Fwp%2Fv2%2Fcategories&post=1801"},{"taxonomy":"post_tag","embeddable":true,"href":"https:\/\/vagas.portalemprego.com.br\/index.php?rest_route=%2Fwp%2Fv2%2Ftags&post=1801"}],"curies":[{"name":"wp","href":"https:\/\/api.w.org\/{rel}","templated":true}]}}