{"id":1802,"date":"2026-04-29T06:27:27","date_gmt":"2026-04-29T09:27:27","guid":{"rendered":"https:\/\/vagas.portalemprego.com.br\/?p=1802"},"modified":"2026-04-29T06:27:27","modified_gmt":"2026-04-29T09:27:27","slug":"auxiliar-de-cozinha-atendente-tijuca-alimentacao-gastronomia-rio-de-janeiro","status":"publish","type":"post","link":"https:\/\/vagas.portalemprego.com.br\/?p=1802","title":{"rendered":"Auxiliar de cozinha  Atendente &#8211; TIJUCA &#8211; Alimenta\u00e7\u00e3o \/ Gastronomia &#8211; Rio de Janeiro"},"content":{"rendered":"<p>Introdu\u00e7\u00e3o:Estamos em busca de um Auxiliar de Cozinha para integrar nossa equipe. O cargo \u00e9 fundamental para o bom funcionamento da cozinha, colaborando diretamente com a prepara\u00e7\u00e3o e organiza\u00e7\u00e3o das refei\u00e7\u00f5es.<br \/>\nFun\u00e7\u00f5es:<br \/>\nApoiar na prepara\u00e7\u00e3o de alimentos<br \/>\nAuxiliar na limpeza e organiza\u00e7\u00e3o da cozinha<br \/>\nColaborar com o chef de cozinha nas atividades di\u00e1rias<br \/>\nManter os equipamentos e utens\u00edlios em boas condi\u00e7\u00f5es<\/p>\n<p>Requisitos:<br \/>\nExperi\u00eancia em ambientes de cozinha<br \/>\nConhecimentos b\u00e1sicos de higiene e seguran\u00e7a alimentar<br \/>\nCapacidade de trabalhar em equipe<br \/>\nAtitude positiva e proativa<\/p>\n<p>Benef\u00edcios:<br \/>\nHor\u00e1rio comercial<br \/>\nAmbiente de trabalho agrad\u00e1vel<br \/>\nPossibilidade de crescimento profissional<\/p>\n<p>A oportunidade \u00e9 presencial e localizada em [localiza\u00e7\u00e3o]. Se voc\u00ea tem interesse em se juntar a uma equipe din\u00e2mica e est\u00e1 buscando uma nova oportunidade de carreira, esta \u00e9 a chance perfeita.<\/p>\n<ul>\n<li>N\u00famero de vagas: 4<\/li>\n<li>Local de trabalho: Rio de Janeiro, RJ<\/li>\n<li>Regime de contrata\u00e7\u00e3o de tipo: Efetivo \u2013 CLT<\/li>\n<li>Jornada: Parcial noites<\/li>\n<li>\u00c1rea e especializa\u00e7\u00e3o profissional: Alimenta\u00e7\u00e3o \/ Gastronomia &#8211; Cozinha<\/li>\n<li>N\u00edvel hier\u00e1rquico: Auxiliar<\/li>\n<\/ul>\n<p>VALORIZADO<\/p>\n<p>Tempo de experi\u00eancia: Entre 1 e 3 anos<\/p>\n<p>Escolaridade M\u00ednima: Ensino Fundamental (1\u00ba grau)<\/p>\n<p>Sal\u00e1rio: 1600,0<\/p>\n","protected":false},"excerpt":{"rendered":"<p>Introdu\u00e7\u00e3o:Estamos em busca de um Auxiliar de Cozinha para integrar nossa equipe. O cargo \u00e9 fundamental para o bom funcionamento da cozinha, colaborando diretamente com a prepara\u00e7\u00e3o e organiza\u00e7\u00e3o das refei\u00e7\u00f5es. Fun\u00e7\u00f5es: Apoiar na prepara\u00e7\u00e3o de alimentos Auxiliar na limpeza e organiza\u00e7\u00e3o da cozinha Colaborar com o chef de cozinha nas atividades di\u00e1rias Manter os [&hellip;]<\/p>\n","protected":false},"author":1,"featured_media":0,"comment_status":"open","ping_status":"open","sticky":false,"template":"","format":"standard","meta":{"footnotes":""},"categories":[21],"tags":[],"class_list":["post-1802","post","type-post","status-publish","format-standard","hentry","category-rio-de-janeiro-rj"],"_links":{"self":[{"href":"https:\/\/vagas.portalemprego.com.br\/index.php?rest_route=\/wp\/v2\/posts\/1802","targetHints":{"allow":["GET"]}}],"collection":[{"href":"https:\/\/vagas.portalemprego.com.br\/index.php?rest_route=\/wp\/v2\/posts"}],"about":[{"href":"https:\/\/vagas.portalemprego.com.br\/index.php?rest_route=\/wp\/v2\/types\/post"}],"author":[{"embeddable":true,"href":"https:\/\/vagas.portalemprego.com.br\/index.php?rest_route=\/wp\/v2\/users\/1"}],"replies":[{"embeddable":true,"href":"https:\/\/vagas.portalemprego.com.br\/index.php?rest_route=%2Fwp%2Fv2%2Fcomments&post=1802"}],"version-history":[{"count":0,"href":"https:\/\/vagas.portalemprego.com.br\/index.php?rest_route=\/wp\/v2\/posts\/1802\/revisions"}],"wp:attachment":[{"href":"https:\/\/vagas.portalemprego.com.br\/index.php?rest_route=%2Fwp%2Fv2%2Fmedia&parent=1802"}],"wp:term":[{"taxonomy":"category","embeddable":true,"href":"https:\/\/vagas.portalemprego.com.br\/index.php?rest_route=%2Fwp%2Fv2%2Fcategories&post=1802"},{"taxonomy":"post_tag","embeddable":true,"href":"https:\/\/vagas.portalemprego.com.br\/index.php?rest_route=%2Fwp%2Fv2%2Ftags&post=1802"}],"curies":[{"name":"wp","href":"https:\/\/api.w.org\/{rel}","templated":true}]}}