{"id":1810,"date":"2026-04-29T06:27:27","date_gmt":"2026-04-29T09:27:27","guid":{"rendered":"https:\/\/vagas.portalemprego.com.br\/?p=1810"},"modified":"2026-04-29T06:27:27","modified_gmt":"2026-04-29T09:27:27","slug":"vendedora-comercial-vendas-rio-de-janeiro-3","status":"publish","type":"post","link":"https:\/\/vagas.portalemprego.com.br\/?p=1810","title":{"rendered":"Vendedora &#8211; Comercial, Vendas &#8211; Rio de Janeiro"},"content":{"rendered":"<p>Estamos em busca de 3 vendedoras comunicativas, proativas e com paix\u00e3o por atendimento ao cliente! ????<br \/>\n?? Remunera\u00e7\u00e3o:<br \/>\n M\u00e9dia salarial de R$ 2.100,00, com possibilidade de aumento conforme desempenho.<br \/>\n? Hor\u00e1rios dispon\u00edveis:<br \/>\nAbertura: 09:45 \u00e0s 18:30<br \/>\nIntermedi\u00e1rio: 11:40 \u00e0s 20:00<br \/>\nFechamento: 13:50 \u00e0s 22:00<br \/>\n?? Escala: 6&#215;1<br \/>\n?? O que buscamos:<br \/>\nBoa comunica\u00e7\u00e3o<br \/>\nFacilidade para trabalhar com metas<br \/>\nExperi\u00eancia com vendas ser\u00e1 um diferencial<br \/>\n?? Se voc\u00ea gosta de desafios e quer crescer profissionalmente, essa oportunidade \u00e9 para voc\u00ea!<\/p>\n<ul>\n<li>N\u00famero de vagas: 3<\/li>\n<li>Local de trabalho: Rio de Janeiro, RJ<\/li>\n<li>Regime de contrata\u00e7\u00e3o de tipo: Efetivo \u2013 CLT<\/li>\n<li>Jornada: Per\u00edodo Integral<\/li>\n<li>\u00c1rea e especializa\u00e7\u00e3o profissional: Comercial, Vendas &#8211; Venda Interna<\/li>\n<li>N\u00edvel hier\u00e1rquico: Operacional<\/li>\n<\/ul>\n<p>Escolaridade M\u00ednima: Ensino M\u00e9dio (2\u00ba Grau)<\/p>\n","protected":false},"excerpt":{"rendered":"<p>Estamos em busca de 3 vendedoras comunicativas, proativas e com paix\u00e3o por atendimento ao cliente! ???? ?? Remunera\u00e7\u00e3o: M\u00e9dia salarial de R$ 2.100,00, com possibilidade de aumento conforme desempenho. ? Hor\u00e1rios dispon\u00edveis: Abertura: 09:45 \u00e0s 18:30 Intermedi\u00e1rio: 11:40 \u00e0s 20:00 Fechamento: 13:50 \u00e0s 22:00 ?? Escala: 6&#215;1 ?? O que buscamos: Boa comunica\u00e7\u00e3o Facilidade para [&hellip;]<\/p>\n","protected":false},"author":1,"featured_media":0,"comment_status":"open","ping_status":"open","sticky":false,"template":"","format":"standard","meta":{"footnotes":""},"categories":[21],"tags":[],"class_list":["post-1810","post","type-post","status-publish","format-standard","hentry","category-rio-de-janeiro-rj"],"_links":{"self":[{"href":"https:\/\/vagas.portalemprego.com.br\/index.php?rest_route=\/wp\/v2\/posts\/1810","targetHints":{"allow":["GET"]}}],"collection":[{"href":"https:\/\/vagas.portalemprego.com.br\/index.php?rest_route=\/wp\/v2\/posts"}],"about":[{"href":"https:\/\/vagas.portalemprego.com.br\/index.php?rest_route=\/wp\/v2\/types\/post"}],"author":[{"embeddable":true,"href":"https:\/\/vagas.portalemprego.com.br\/index.php?rest_route=\/wp\/v2\/users\/1"}],"replies":[{"embeddable":true,"href":"https:\/\/vagas.portalemprego.com.br\/index.php?rest_route=%2Fwp%2Fv2%2Fcomments&post=1810"}],"version-history":[{"count":0,"href":"https:\/\/vagas.portalemprego.com.br\/index.php?rest_route=\/wp\/v2\/posts\/1810\/revisions"}],"wp:attachment":[{"href":"https:\/\/vagas.portalemprego.com.br\/index.php?rest_route=%2Fwp%2Fv2%2Fmedia&parent=1810"}],"wp:term":[{"taxonomy":"category","embeddable":true,"href":"https:\/\/vagas.portalemprego.com.br\/index.php?rest_route=%2Fwp%2Fv2%2Fcategories&post=1810"},{"taxonomy":"post_tag","embeddable":true,"href":"https:\/\/vagas.portalemprego.com.br\/index.php?rest_route=%2Fwp%2Fv2%2Ftags&post=1810"}],"curies":[{"name":"wp","href":"https:\/\/api.w.org\/{rel}","templated":true}]}}