{"id":1820,"date":"2026-04-29T06:27:27","date_gmt":"2026-04-29T09:27:27","guid":{"rendered":"https:\/\/vagas.portalemprego.com.br\/?p=1820"},"modified":"2026-04-29T06:27:27","modified_gmt":"2026-04-29T09:27:27","slug":"auxiliar-de-instalacao-i-industrial-producao-fabrica-resende","status":"publish","type":"post","link":"https:\/\/vagas.portalemprego.com.br\/?p=1820","title":{"rendered":"Auxiliar de Instala\u00e7\u00e3o I &#8211; Industrial, Produ\u00e7\u00e3o, F\u00e1brica &#8211; Resende"},"content":{"rendered":"<p>Apoio na passagem de cabeamento estruturado (CAT6 e fibra \u00f3ptica)<br \/>\nApoio na instala\u00e7\u00e3o de eletrocalhas, leitos e eletrodutos<br \/>\nOrganiza\u00e7\u00e3o, identifica\u00e7\u00e3o e acabamento de cabos<br \/>\nAux\u00edlio na montagem de infraestrutura de rede<br \/>\nSuporte em atividades como montagem de patch panels e organiza\u00e7\u00e3o de racks<br \/>\nApoio geral \u00e0s demandas operacionais conduzidas pelo t\u00e9cnico respons\u00e1vel<\/p>\n<ul>\n<li>Local de trabalho: Resende, RJ<\/li>\n<li>Regime de contrata\u00e7\u00e3o de tipo: Efetivo \u2013 CLT<\/li>\n<li>Jornada: Per\u00edodo Integral<\/li>\n<li>\u00c1rea e especializa\u00e7\u00e3o profissional: Industrial, Produ\u00e7\u00e3o, F\u00e1brica &#8211; Produ\u00e7\u00e3o<\/li>\n<li>N\u00edvel hier\u00e1rquico: Auxiliar<\/li>\n<\/ul>\n<p>VALORIZADO<\/p>\n<p>Tempo de experi\u00eancia: Menos de 1 ano<\/p>\n<p>Escolaridade M\u00ednima: Curso T\u00e9cnico<\/p>\n<ul>\n<li>Vale Transporte (conforme legisla\u00e7\u00e3o vigente, com desconto de 6% sobre sal\u00e1rio base)<\/li>\n<li>Vale Refei\u00e7\u00e3o: R$ 28,00\/dia<\/li>\n<li>Vale Alimenta\u00e7\u00e3o: R$ 315,00\/m\u00eas<\/li>\n<li>Wellhub (Gympass)<\/li>\n<\/ul>\n","protected":false},"excerpt":{"rendered":"<p>Apoio na passagem de cabeamento estruturado (CAT6 e fibra \u00f3ptica) Apoio na instala\u00e7\u00e3o de eletrocalhas, leitos e eletrodutos Organiza\u00e7\u00e3o, identifica\u00e7\u00e3o e acabamento de cabos Aux\u00edlio na montagem de infraestrutura de rede Suporte em atividades como montagem de patch panels e organiza\u00e7\u00e3o de racks Apoio geral \u00e0s demandas operacionais conduzidas pelo t\u00e9cnico respons\u00e1vel Local de trabalho: [&hellip;]<\/p>\n","protected":false},"author":1,"featured_media":0,"comment_status":"open","ping_status":"open","sticky":false,"template":"","format":"standard","meta":{"footnotes":""},"categories":[21],"tags":[],"class_list":["post-1820","post","type-post","status-publish","format-standard","hentry","category-rio-de-janeiro-rj"],"_links":{"self":[{"href":"https:\/\/vagas.portalemprego.com.br\/index.php?rest_route=\/wp\/v2\/posts\/1820","targetHints":{"allow":["GET"]}}],"collection":[{"href":"https:\/\/vagas.portalemprego.com.br\/index.php?rest_route=\/wp\/v2\/posts"}],"about":[{"href":"https:\/\/vagas.portalemprego.com.br\/index.php?rest_route=\/wp\/v2\/types\/post"}],"author":[{"embeddable":true,"href":"https:\/\/vagas.portalemprego.com.br\/index.php?rest_route=\/wp\/v2\/users\/1"}],"replies":[{"embeddable":true,"href":"https:\/\/vagas.portalemprego.com.br\/index.php?rest_route=%2Fwp%2Fv2%2Fcomments&post=1820"}],"version-history":[{"count":0,"href":"https:\/\/vagas.portalemprego.com.br\/index.php?rest_route=\/wp\/v2\/posts\/1820\/revisions"}],"wp:attachment":[{"href":"https:\/\/vagas.portalemprego.com.br\/index.php?rest_route=%2Fwp%2Fv2%2Fmedia&parent=1820"}],"wp:term":[{"taxonomy":"category","embeddable":true,"href":"https:\/\/vagas.portalemprego.com.br\/index.php?rest_route=%2Fwp%2Fv2%2Fcategories&post=1820"},{"taxonomy":"post_tag","embeddable":true,"href":"https:\/\/vagas.portalemprego.com.br\/index.php?rest_route=%2Fwp%2Fv2%2Ftags&post=1820"}],"curies":[{"name":"wp","href":"https:\/\/api.w.org\/{rel}","templated":true}]}}