{"id":1825,"date":"2026-04-29T06:27:27","date_gmt":"2026-04-29T09:27:27","guid":{"rendered":"https:\/\/vagas.portalemprego.com.br\/?p=1825"},"modified":"2026-04-29T06:27:27","modified_gmt":"2026-04-29T09:27:27","slug":"assistente-de-rh-recursos-humanos-rio-de-janeiro-3","status":"publish","type":"post","link":"https:\/\/vagas.portalemprego.com.br\/?p=1825","title":{"rendered":"Assistente de RH &#8211; Recursos Humanos &#8211; Rio de Janeiro"},"content":{"rendered":"<p>O Grupo Seres, busca profissional para fazer parte do time de Departamento Pessoal,\u00a0 para atuar na fun\u00e7\u00e3o de Assistente de RH.<br \/>\n\u00a0Realizar acolhimento e escuta qualificada de colaboradores afastados;<br \/>\n\u2022 Acompanhar casos de afastamento (INSS, licen\u00e7a maternidade, sa\u00fade mental, entre outros);<br \/>\n\u2022 Apoiar o colaborador durante todo o per\u00edodo de afastamento e no processo de retorno ao trabalho;<br \/>\n\u2022 Atuar em parceria com o Departamento Pessoal, RH e Medicina do Trabalho;<br \/>\n\u2022 Orientar colaboradores sobre direitos previdenci\u00e1rios e benef\u00edcios;<br \/>\n\u2022 Auxiliar na resolu\u00e7\u00e3o de demandas sociais que impactam o v\u00ednculo de trabalho;<br \/>\n\u2022 Elaborar relat\u00f3rios e acompanhar indicadores relacionados a afastamentos;<br \/>\n\u2022 Apoiar a\u00e7\u00f5es de sa\u00fade, qualidade de vida e bem-estar no ambiente corporativo.<br \/>\nHor\u00e1rio de trabalho:<br \/>\nHor\u00e1rio: 0287 &#8211; 08:30 AS 18:00 SEG A SEX C\/ 1H INTERV REFEICAO<br \/>\nModelo: H\u00edbrido<br \/>\nLocal de trabalho:<br \/>\nCentro do Rio de Janeiro RJ<br \/>\nIncentivamos candidaturas PCD, popula\u00e7\u00e3o negra, mulheres, LGBTQIAPN+.<\/p>\n<p>Requisitos<\/p>\n<p>Requisitos Obrigat\u00f3rios:<br \/>\nEnsino superior cursando em Servi\u00e7o Social;<br \/>\nExperi\u00eancia com atendimento social, preferencialmente em ambiente corporativo ou sa\u00fade ocupacional;<br \/>\nConhecimento em legisla\u00e7\u00e3o previdenci\u00e1ria (INSS) e trabalhista;<br \/>\nDesej\u00e1vel:<br \/>\nExperi\u00eancia com programas de sa\u00fade mental e bem-estar;<br \/>\nViv\u00eancia com gest\u00e3o de afastados e retorno ao trabalho;<\/p>\n<ul>\n<li>Local de trabalho: Rio de Janeiro, RJ<\/li>\n<li>Regime de contrata\u00e7\u00e3o de tipo: Efetivo \u2013 CLT<\/li>\n<li>Jornada: Per\u00edodo Integral<\/li>\n<li>\u00c1rea e especializa\u00e7\u00e3o profissional: Recursos Humanos &#8211; Recursos Humanos (Generalista)<\/li>\n<li>N\u00edvel hier\u00e1rquico: Assistente<\/li>\n<\/ul>\n<p>Escolaridade M\u00ednima: Ensino Superior<\/p>\n","protected":false},"excerpt":{"rendered":"<p>O Grupo Seres, busca profissional para fazer parte do time de Departamento Pessoal,\u00a0 para atuar na fun\u00e7\u00e3o de Assistente de RH. \u00a0Realizar acolhimento e escuta qualificada de colaboradores afastados; \u2022 Acompanhar casos de afastamento (INSS, licen\u00e7a maternidade, sa\u00fade mental, entre outros); \u2022 Apoiar o colaborador durante todo o per\u00edodo de afastamento e no processo de [&hellip;]<\/p>\n","protected":false},"author":1,"featured_media":0,"comment_status":"open","ping_status":"open","sticky":false,"template":"","format":"standard","meta":{"footnotes":""},"categories":[21],"tags":[],"class_list":["post-1825","post","type-post","status-publish","format-standard","hentry","category-rio-de-janeiro-rj"],"_links":{"self":[{"href":"https:\/\/vagas.portalemprego.com.br\/index.php?rest_route=\/wp\/v2\/posts\/1825","targetHints":{"allow":["GET"]}}],"collection":[{"href":"https:\/\/vagas.portalemprego.com.br\/index.php?rest_route=\/wp\/v2\/posts"}],"about":[{"href":"https:\/\/vagas.portalemprego.com.br\/index.php?rest_route=\/wp\/v2\/types\/post"}],"author":[{"embeddable":true,"href":"https:\/\/vagas.portalemprego.com.br\/index.php?rest_route=\/wp\/v2\/users\/1"}],"replies":[{"embeddable":true,"href":"https:\/\/vagas.portalemprego.com.br\/index.php?rest_route=%2Fwp%2Fv2%2Fcomments&post=1825"}],"version-history":[{"count":0,"href":"https:\/\/vagas.portalemprego.com.br\/index.php?rest_route=\/wp\/v2\/posts\/1825\/revisions"}],"wp:attachment":[{"href":"https:\/\/vagas.portalemprego.com.br\/index.php?rest_route=%2Fwp%2Fv2%2Fmedia&parent=1825"}],"wp:term":[{"taxonomy":"category","embeddable":true,"href":"https:\/\/vagas.portalemprego.com.br\/index.php?rest_route=%2Fwp%2Fv2%2Fcategories&post=1825"},{"taxonomy":"post_tag","embeddable":true,"href":"https:\/\/vagas.portalemprego.com.br\/index.php?rest_route=%2Fwp%2Fv2%2Ftags&post=1825"}],"curies":[{"name":"wp","href":"https:\/\/api.w.org\/{rel}","templated":true}]}}