{"id":1828,"date":"2026-04-29T06:27:27","date_gmt":"2026-04-29T09:27:27","guid":{"rendered":"https:\/\/vagas.portalemprego.com.br\/?p=1828"},"modified":"2026-04-29T06:27:27","modified_gmt":"2026-04-29T09:27:27","slug":"repositor-de-hortifruti-olaria-salario-r2-00000-comercial-vendas-rio-de-janeiro","status":"publish","type":"post","link":"https:\/\/vagas.portalemprego.com.br\/?p=1828","title":{"rendered":"Repositor de Hortifruti &#8211; Olaria &#8211; Sal\u00e1rio: R$2.000,00 &#8211; Comercial, Vendas &#8211; Rio de Janeiro"},"content":{"rendered":"<p>N\u00c3O PRECISA TER EXPERI\u00caNCIA, OFERECEMOS TREINAMENTO!<br \/>\nSAL\u00c1RIO E BENEF\u00cdCIOS:<br \/>\nSal\u00e1rio: R$ 2.000,00<br \/>\nParticipa\u00e7\u00e3o nos Lucros (PPR)<br \/>\nPr\u00eamio presen\u00e7a &#8211; R$250,00 por m\u00eas\/bruto<br \/>\nB\u00f4nus por domingo e feriado trabalhado<br \/>\nRefei\u00e7\u00e3o no local<br \/>\nPlano de Sa\u00fade<br \/>\nPlano Odontol\u00f3gico<br \/>\nSeguro de Vida<br \/>\nVale Transporte<br \/>\nDesconto em produtos da empresa<br \/>\nOportunidade de crescimento!<\/p>\n<p>RESPONSABILIDADES<br \/>\nAtendimento ao Cliente: Tirar d\u00favidas e ajudar os clientes a encontrarem os produtos na loja.<br \/>\nAbastecimento e Precifica\u00e7\u00e3o: Repor as mercadorias nas prateleiras e conferir se os pre\u00e7os est\u00e3o certos.<br \/>\nOrganiza\u00e7\u00e3o: Manter as g\u00f4ndolas limpas, arrumadas e com os produtos alinhados.<br \/>\nControle de Avarias: Separar produtos com embalagens amassadas ou danificadas para o setor respons\u00e1vel.<br \/>\nRedu\u00e7\u00e3o de Perdas: Identificar itens que n\u00e3o podem ser vendidos, mas que ainda podem ser aproveitados.<\/p>\n<p>REQUISITOS:<br \/>\nDisponibilidade para trabalhar por escala e finais de semana.<br \/>\nSer proativo, organizado e ter facilidade para trabalhar em equipe.<\/p>\n<p>Venha fazer parte da nossa hist\u00f3ria!<br \/>\n\u201cTodas as nossas vagas s\u00e3o eleg\u00edveis para pessoas com defici\u00eancia ou reabilitadas pela Previd\u00eancia Social.\u201d<\/p>\n<ul>\n<li>N\u00famero de vagas: 5<\/li>\n<li>Local de trabalho: Rio de Janeiro, RJ<\/li>\n<li>Regime de contrata\u00e7\u00e3o de tipo: Efetivo \u2013 CLT<\/li>\n<li>Jornada: Per\u00edodo Integral<\/li>\n<li>\u00c1rea e especializa\u00e7\u00e3o profissional: Comercial, Vendas &#8211; Demonstrador \/ Promotor<\/li>\n<li>N\u00edvel hier\u00e1rquico: Auxiliar<\/li>\n<\/ul>\n<p>VALORIZADO<\/p>\n<p>Tempo de experi\u00eancia: Sem experi\u00eancia<\/p>\n<p>Escolaridade M\u00ednima: Ensino Fundamental (1\u00ba grau)<\/p>\n<ul>\n<li>B\u00f4nus por resultado<\/li>\n<li>Desconto em produtos<\/li>\n<li>Vale transporte<\/li>\n<li>Participa\u00e7\u00e3o nos lucros<\/li>\n<li>Plano Odontol\u00f3gico<\/li>\n<li>Refei\u00e7\u00e3o no local<\/li>\n<li>Seguro de vida<\/li>\n<li>Plano de Sa\u00fade<\/li>\n<\/ul>\n<p>Sal\u00e1rio: 2000,0<\/p>\n","protected":false},"excerpt":{"rendered":"<p>N\u00c3O PRECISA TER EXPERI\u00caNCIA, OFERECEMOS TREINAMENTO! SAL\u00c1RIO E BENEF\u00cdCIOS: Sal\u00e1rio: R$ 2.000,00 Participa\u00e7\u00e3o nos Lucros (PPR) Pr\u00eamio presen\u00e7a &#8211; R$250,00 por m\u00eas\/bruto B\u00f4nus por domingo e feriado trabalhado Refei\u00e7\u00e3o no local Plano de Sa\u00fade Plano Odontol\u00f3gico Seguro de Vida Vale Transporte Desconto em produtos da empresa Oportunidade de crescimento! RESPONSABILIDADES Atendimento ao Cliente: Tirar d\u00favidas [&hellip;]<\/p>\n","protected":false},"author":1,"featured_media":0,"comment_status":"open","ping_status":"open","sticky":false,"template":"","format":"standard","meta":{"footnotes":""},"categories":[21],"tags":[],"class_list":["post-1828","post","type-post","status-publish","format-standard","hentry","category-rio-de-janeiro-rj"],"_links":{"self":[{"href":"https:\/\/vagas.portalemprego.com.br\/index.php?rest_route=\/wp\/v2\/posts\/1828","targetHints":{"allow":["GET"]}}],"collection":[{"href":"https:\/\/vagas.portalemprego.com.br\/index.php?rest_route=\/wp\/v2\/posts"}],"about":[{"href":"https:\/\/vagas.portalemprego.com.br\/index.php?rest_route=\/wp\/v2\/types\/post"}],"author":[{"embeddable":true,"href":"https:\/\/vagas.portalemprego.com.br\/index.php?rest_route=\/wp\/v2\/users\/1"}],"replies":[{"embeddable":true,"href":"https:\/\/vagas.portalemprego.com.br\/index.php?rest_route=%2Fwp%2Fv2%2Fcomments&post=1828"}],"version-history":[{"count":0,"href":"https:\/\/vagas.portalemprego.com.br\/index.php?rest_route=\/wp\/v2\/posts\/1828\/revisions"}],"wp:attachment":[{"href":"https:\/\/vagas.portalemprego.com.br\/index.php?rest_route=%2Fwp%2Fv2%2Fmedia&parent=1828"}],"wp:term":[{"taxonomy":"category","embeddable":true,"href":"https:\/\/vagas.portalemprego.com.br\/index.php?rest_route=%2Fwp%2Fv2%2Fcategories&post=1828"},{"taxonomy":"post_tag","embeddable":true,"href":"https:\/\/vagas.portalemprego.com.br\/index.php?rest_route=%2Fwp%2Fv2%2Ftags&post=1828"}],"curies":[{"name":"wp","href":"https:\/\/api.w.org\/{rel}","templated":true}]}}