{"id":1839,"date":"2026-04-29T06:27:27","date_gmt":"2026-04-29T09:27:27","guid":{"rendered":"https:\/\/vagas.portalemprego.com.br\/?p=1839"},"modified":"2026-04-29T06:27:27","modified_gmt":"2026-04-29T09:27:27","slug":"marceneiro-industrial-producao-fabrica-rio-de-janeiro-3","status":"publish","type":"post","link":"https:\/\/vagas.portalemprego.com.br\/?p=1839","title":{"rendered":"Marceneiro &#8211; Industrial, Produ\u00e7\u00e3o, F\u00e1brica &#8211; Rio de Janeiro"},"content":{"rendered":"<p>Descri\u00e7\u00e3o das Responsabilidades:<br \/>\nExecutar a fabrica\u00e7\u00e3o, montagem, ajuste e reparo de pe\u00e7as e estruturas em madeira, conforme especifica\u00e7\u00f5es t\u00e9cnicas;<br \/>\nRealizar cortes, medi\u00e7\u00f5es e acabamentos, garantindo precis\u00e3o e qualidade no produto final;<br \/>\nInterpretar desenhos t\u00e9cnicos e projetos para execu\u00e7\u00e3o das atividades;<br \/>\nOperar m\u00e1quinas, ferramentas e equipamentos espec\u00edficos da \u00e1rea com seguran\u00e7a;<br \/>\nAtuar em atividades de maior complexidade, assegurando o cumprimento dos padr\u00f5es estabelecidos;<br \/>\nRealizar inspe\u00e7\u00f5es visuais e ajustes necess\u00e1rios para garantir a conformidade das pe\u00e7as;<br \/>\nZelar pela organiza\u00e7\u00e3o do ambiente de trabalho e conserva\u00e7\u00e3o dos equipamentos;<br \/>\nCumprir normas de qualidade, seguran\u00e7a do trabalho e meio ambiente.<\/p>\n<p>Requisitos e qualifica\u00e7\u00f5es:<br \/>\nEnsino m\u00e9dio completo;<br \/>\nCurso de qualifica\u00e7\u00e3o profissional na \u00e1rea de marcenaria, carpintaria ou afins;<br \/>\nExperi\u00eancia pr\u00e9via na fun\u00e7\u00e3o ser\u00e1 considerada um diferencial;<br \/>\nConhecimento em leitura e interpreta\u00e7\u00e3o de desenhos t\u00e9cnicos.<\/p>\n<p>Benef\u00edcios:<br \/>\nOferecemos um pacote de benef\u00edcios atrativo, incluindo diversas vantagens que valorizam o bem-estar e a satisfa\u00e7\u00e3o dos nossos colaboradores.<br \/>\nTodos os processos seletivos s\u00e3o inclusivos e consideram pessoas com ou sem defici\u00eancia, desde que qualificados para as vagas anunciadas.<\/p>\n<ul>\n<li>Local de trabalho: Rio de Janeiro, RJ<\/li>\n<li>Regime de contrata\u00e7\u00e3o de tipo: Efetivo \u2013 CLT<\/li>\n<li>Jornada: Per\u00edodo Integral<\/li>\n<li>\u00c1rea e especializa\u00e7\u00e3o profissional: Industrial, Produ\u00e7\u00e3o, F\u00e1brica &#8211; Carpintaria \/ Montagem de M\u00f3veis<\/li>\n<li>N\u00edvel hier\u00e1rquico: Operacional<\/li>\n<\/ul>\n<p>Escolaridade M\u00ednima: Ensino M\u00e9dio (2\u00ba Grau)<\/p>\n<ul>\n<li>Seguro de vida<\/li>\n<li>Assist\u00eancia odontol\u00f3gica<\/li>\n<li>Assist\u00eancia m\u00e9dica<\/li>\n<li>Vale Transporte<\/li>\n<li>Wellhub<\/li>\n<li>Vale Refei\u00e7\u00e3o<\/li>\n<\/ul>\n","protected":false},"excerpt":{"rendered":"<p>Descri\u00e7\u00e3o das Responsabilidades: Executar a fabrica\u00e7\u00e3o, montagem, ajuste e reparo de pe\u00e7as e estruturas em madeira, conforme especifica\u00e7\u00f5es t\u00e9cnicas; Realizar cortes, medi\u00e7\u00f5es e acabamentos, garantindo precis\u00e3o e qualidade no produto final; Interpretar desenhos t\u00e9cnicos e projetos para execu\u00e7\u00e3o das atividades; Operar m\u00e1quinas, ferramentas e equipamentos espec\u00edficos da \u00e1rea com seguran\u00e7a; Atuar em atividades de maior [&hellip;]<\/p>\n","protected":false},"author":1,"featured_media":0,"comment_status":"open","ping_status":"open","sticky":false,"template":"","format":"standard","meta":{"footnotes":""},"categories":[21],"tags":[],"class_list":["post-1839","post","type-post","status-publish","format-standard","hentry","category-rio-de-janeiro-rj"],"_links":{"self":[{"href":"https:\/\/vagas.portalemprego.com.br\/index.php?rest_route=\/wp\/v2\/posts\/1839","targetHints":{"allow":["GET"]}}],"collection":[{"href":"https:\/\/vagas.portalemprego.com.br\/index.php?rest_route=\/wp\/v2\/posts"}],"about":[{"href":"https:\/\/vagas.portalemprego.com.br\/index.php?rest_route=\/wp\/v2\/types\/post"}],"author":[{"embeddable":true,"href":"https:\/\/vagas.portalemprego.com.br\/index.php?rest_route=\/wp\/v2\/users\/1"}],"replies":[{"embeddable":true,"href":"https:\/\/vagas.portalemprego.com.br\/index.php?rest_route=%2Fwp%2Fv2%2Fcomments&post=1839"}],"version-history":[{"count":0,"href":"https:\/\/vagas.portalemprego.com.br\/index.php?rest_route=\/wp\/v2\/posts\/1839\/revisions"}],"wp:attachment":[{"href":"https:\/\/vagas.portalemprego.com.br\/index.php?rest_route=%2Fwp%2Fv2%2Fmedia&parent=1839"}],"wp:term":[{"taxonomy":"category","embeddable":true,"href":"https:\/\/vagas.portalemprego.com.br\/index.php?rest_route=%2Fwp%2Fv2%2Fcategories&post=1839"},{"taxonomy":"post_tag","embeddable":true,"href":"https:\/\/vagas.portalemprego.com.br\/index.php?rest_route=%2Fwp%2Fv2%2Ftags&post=1839"}],"curies":[{"name":"wp","href":"https:\/\/api.w.org\/{rel}","templated":true}]}}