{"id":1840,"date":"2026-04-29T06:28:28","date_gmt":"2026-04-29T09:28:28","guid":{"rendered":"https:\/\/vagas.portalemprego.com.br\/?p=1840"},"modified":"2026-04-29T06:28:28","modified_gmt":"2026-04-29T09:28:28","slug":"analista-de-departamento-pessoal-recursos-humanos-rio-de-janeiro-3","status":"publish","type":"post","link":"https:\/\/vagas.portalemprego.com.br\/?p=1840","title":{"rendered":"Analista de Departamento Pessoal &#8211; Recursos Humanos &#8211; Rio de Janeiro"},"content":{"rendered":"<p>Randstad\u00a0Recursos\u00a0Humanos\u00a0contrata\u00a0para\u00a0cliente\u00a0de\u00a0grande\u00a0porte\u00a0no Rio de Janeiro.<br \/>\nAnalista\u00a0de\u00a0Recursos\u00a0Humanos\u00a0e\u00a0Departamento\u00a0Pessoal.<br \/>\nEstamos\u00a0em\u00a0busca\u00a0de\u00a0um(a)\u00a0profissional\u00a0din\u00e2mico(a)\u00a0para\u00a0o\u00a0cargo\u00a0de\u00a0Analista\u00a0de\u00a0Recursos\u00a0Humanos.<br \/>\nAs\u00a0principais\u00a0responsabilidades\u00a0do\u00a0cargo\u00a0incluem:\u00a0<br \/>\nFechamento\u00a0e\u00a0confer\u00eancia\u00a0de\u00a0folha\u00a0de\u00a0pagamento,\u00a0integra\u00e7\u00e3o\u00a0de\u00a0novos\u00a0colaboradores,\u00a0admiss\u00e3o\u00a0e\u00a0rescis\u00e3o\u00a0de\u00a0funcion\u00e1rios, controle e gest\u00e3o de benef\u00edcios, esclarecimento de d\u00favidas salariais, faturamento do cliente, importa\u00e7\u00e3o e automa\u00e7\u00f5es em planilhas, al\u00e9m\u00a0de\u00a0atuar\u00a0na\u00a0gest\u00e3o\u00a0de\u00a0contratos\u00a0tempor\u00e1rios\u00a0da\u00a0Lei\u00a06.019.<br \/>\nO(a)\u00a0profissional\u00a0dever\u00e1\u00a0ter\u00a0viv\u00eancia\u00a0com\u00a0volumetria\u00a0de\u00a0colaboradores\u00a0e\u00a0candidatos,\u00a0e\u00a0processos\u00a0de\u00a0departamento\u00a0pessoal,\u00a0al\u00e9m\u00a0de\u00a0acompanhar\u00a0e\u00a0analisar\u00a0indicadores,\u00a0cria\u00e7\u00e3o\u00a0de\u00a0relat\u00f3rios\u00a0e\u00a0engajamento\u00a0de\u00a0equipe.<br \/>\nDesej\u00e1vel experi\u00eancia\u00a0com\u00a0renova\u00e7\u00e3o\u00a0de\u00a0contratos\u00a0e\u00a0uso\u00a0de\u00a0sistemas\u00a0como\u00a0Fluig\u00a0e\u00a0RM\u00a0Totvs.\u00a0<br \/>\nTamb\u00e9m\u00a0ser\u00e1\u00a0um\u00a0diferencial\u00a0caso\u00a0saiba\u00a0mexer\u00a0com\u00a0aplicativos\u00a0de\u00a0ponto\u00a0eletr\u00f4nico,\u00a0como\u00a0o\u00a0Ahgora.<br \/>\nBuscamos\u00a0algu\u00e9m\u00a0que\u00a0tenha\u00a0uma\u00a0vis\u00e3o\u00a0estrat\u00e9gica\u00a0para\u00a0otimizar\u00a0processos\u00a0e\u00a0contribuir\u00a0para\u00a0o\u00a0crescimento\u00a0da\u00a0equipe.<br \/>\nSe\u00a0voc\u00ea\u00a0tem\u00a0paix\u00e3o\u00a0por\u00a0departamento pessoal e\u00a0busca\u00a0um\u00a0ambiente\u00a0que\u00a0valorize\u00a0seu\u00a0talento,\u00a0esta\u00a0\u00e9\u00a0a\u00a0oportunidade\u00a0perfeita\u00a0para\u00a0voc\u00ea.<br \/>\nJunte -se\u00a0a\u00a0n\u00f3s\u00a0e\u00a0fa\u00e7a\u00a0parte\u00a0de\u00a0um\u00a0time\u00a0que\u00a0se\u00a0destaca\u00a0pela\u00a0inova\u00e7\u00e3o\u00a0e\u00a0comprometimento\u00a0com\u00a0os\u00a0melhores\u00a0resultados.<br \/>\nForma\u00e7\u00e3o\u00a0desejada:\u00a0Gest\u00e3o\u00a0de\u00a0Recursos\u00a0Humanos,\u00a0Administra\u00e7\u00e3o,\u00a0Contabilidade ou\u00a0\u00e1reas\u00a0relacionadas.<br \/>\nSal\u00e1rio:\u00a0Estamos\u00a0trabalhando\u00a0com\u00a0pretens\u00e3o\u00a0salarial.<br \/>\nHor\u00e1rio\/Escala:\u00a05&#215;2\u00a0&#8211;\u00a009:00\u00a0\u00e0s\u00a018:00\u00a0&#8211;\u00a0Seg\u00a0a\u00a0Sexta.<br \/>\nBenef\u00edcios:\u00a0Vale\u00a0transporte\u00a0+\u00a0vale\u00a0refei\u00e7\u00e3o\u00a0+\u00a0Seguro\u00a0de\u00a0vida\u00a0+\u00a0plano\u00a0de\u00a0sa\u00fade\u00a0e\u00a0odontol\u00f3gico\u00a0+\u00a0Totalpass\u00a0+\u00a0participa\u00e7\u00e3o\u00a0nos\u00a0lucros\u00a0+\u00a0cursos\u00a0gratuitos\u00a0na\u00a0plataforma udemy\u00a0+\u00a0conv\u00eanios com\u00a0faculdades.<br \/>\nModelo\u00a0de\u00a0trabalho:\u00a0H\u00edbrido\u00a0(1\u00a0a\u00a02x\u00a0na\u00a0semana\u00a0presencial).<br \/>\nAten\u00e7\u00e3o!<br \/>\nPrecisa\u00a0ter\u00a0disponibilidade\u00a0de\u00a0hor\u00e1rios,\u00a0caso\u00a0seja\u00a0necess\u00e1rio\u00a0trabalhar\u00a0em\u00a0outro\u00a0turno\u00a0ou\u00a0aos\u00a0finais\u00a0de\u00a0semana\u00a0(esporadicamente).<br \/>\nAguardamos\u00a0seu\u00a0interesse\u00a0para\u00a0fazer\u00a0parte\u00a0dessa\u00a0jornada\u00a0de\u00a0sucesso!<\/p>\n<ul>\n<li>Local de trabalho: Rio de Janeiro, RJ<\/li>\n<li>Regime de contrata\u00e7\u00e3o de tipo: Efetivo \u2013 CLT<\/li>\n<li>Jornada: Per\u00edodo Integral<\/li>\n<li>\u00c1rea e especializa\u00e7\u00e3o profissional: Recursos Humanos &#8211; Departamento Pessoal<\/li>\n<li>N\u00edvel hier\u00e1rquico: Analista<\/li>\n<\/ul>\n<p>VALORIZADO<\/p>\n<p>Tempo de experi\u00eancia: Entre 1 e 3 anos<\/p>\n<p>HABILIDADES<\/p>\n<ul>\n<li>Gest\u00e3o de benef\u00edcios<\/li>\n<li>Administra\u00e7\u00e3o de benef\u00edcios<\/li>\n<li>departamento pessoal<\/li>\n<li>recursos humanos<\/li>\n<li>indicadores<\/li>\n<li>atendimento aos colaboradores<\/li>\n<li>contrato tempor\u00e1rio lei 6.019<\/li>\n<li>ponto eletr\u00f4nico<\/li>\n<li>rescis\u00e3o<\/li>\n<li>admiss\u00e3o<\/li>\n<li>folha de pagamento<\/li>\n<li>excel avan\u00e7ado<\/li>\n<li>demiss\u00e3o<\/li>\n<\/ul>\n<p>Escolaridade M\u00ednima: Ensino Superior<\/p>\n<ul>\n<li>plano de carreira<\/li>\n<li>short friday<\/li>\n<li>day off anivers\u00e1rio<\/li>\n<li>cursos gratu\u00edtos<\/li>\n<li>participa\u00e7\u00e3o nos lucros<\/li>\n<li>vale refei\u00e7\u00e3o<\/li>\n<li>plano odontol\u00f3gico<\/li>\n<li>plano de sa\u00fade<\/li>\n<li>vale transporte<\/li>\n<li>totalpass<\/li>\n<\/ul>\n<p>Sal\u00e1rio: 4000,0<\/p>\n","protected":false},"excerpt":{"rendered":"<p>Randstad\u00a0Recursos\u00a0Humanos\u00a0contrata\u00a0para\u00a0cliente\u00a0de\u00a0grande\u00a0porte\u00a0no Rio de Janeiro. Analista\u00a0de\u00a0Recursos\u00a0Humanos\u00a0e\u00a0Departamento\u00a0Pessoal. Estamos\u00a0em\u00a0busca\u00a0de\u00a0um(a)\u00a0profissional\u00a0din\u00e2mico(a)\u00a0para\u00a0o\u00a0cargo\u00a0de\u00a0Analista\u00a0de\u00a0Recursos\u00a0Humanos. As\u00a0principais\u00a0responsabilidades\u00a0do\u00a0cargo\u00a0incluem:\u00a0 Fechamento\u00a0e\u00a0confer\u00eancia\u00a0de\u00a0folha\u00a0de\u00a0pagamento,\u00a0integra\u00e7\u00e3o\u00a0de\u00a0novos\u00a0colaboradores,\u00a0admiss\u00e3o\u00a0e\u00a0rescis\u00e3o\u00a0de\u00a0funcion\u00e1rios, controle e gest\u00e3o de benef\u00edcios, esclarecimento de d\u00favidas salariais, faturamento do cliente, importa\u00e7\u00e3o e automa\u00e7\u00f5es em planilhas, al\u00e9m\u00a0de\u00a0atuar\u00a0na\u00a0gest\u00e3o\u00a0de\u00a0contratos\u00a0tempor\u00e1rios\u00a0da\u00a0Lei\u00a06.019. O(a)\u00a0profissional\u00a0dever\u00e1\u00a0ter\u00a0viv\u00eancia\u00a0com\u00a0volumetria\u00a0de\u00a0colaboradores\u00a0e\u00a0candidatos,\u00a0e\u00a0processos\u00a0de\u00a0departamento\u00a0pessoal,\u00a0al\u00e9m\u00a0de\u00a0acompanhar\u00a0e\u00a0analisar\u00a0indicadores,\u00a0cria\u00e7\u00e3o\u00a0de\u00a0relat\u00f3rios\u00a0e\u00a0engajamento\u00a0de\u00a0equipe. Desej\u00e1vel experi\u00eancia\u00a0com\u00a0renova\u00e7\u00e3o\u00a0de\u00a0contratos\u00a0e\u00a0uso\u00a0de\u00a0sistemas\u00a0como\u00a0Fluig\u00a0e\u00a0RM\u00a0Totvs.\u00a0 Tamb\u00e9m\u00a0ser\u00e1\u00a0um\u00a0diferencial\u00a0caso\u00a0saiba\u00a0mexer\u00a0com\u00a0aplicativos\u00a0de\u00a0ponto\u00a0eletr\u00f4nico,\u00a0como\u00a0o\u00a0Ahgora. Buscamos\u00a0algu\u00e9m\u00a0que\u00a0tenha\u00a0uma\u00a0vis\u00e3o\u00a0estrat\u00e9gica\u00a0para\u00a0otimizar\u00a0processos\u00a0e\u00a0contribuir\u00a0para\u00a0o\u00a0crescimento\u00a0da\u00a0equipe. Se\u00a0voc\u00ea\u00a0tem\u00a0paix\u00e3o\u00a0por\u00a0departamento pessoal e\u00a0busca\u00a0um\u00a0ambiente\u00a0que\u00a0valorize\u00a0seu\u00a0talento,\u00a0esta\u00a0\u00e9\u00a0a\u00a0oportunidade\u00a0perfeita\u00a0para\u00a0voc\u00ea. Junte -se\u00a0a\u00a0n\u00f3s\u00a0e\u00a0fa\u00e7a\u00a0parte\u00a0de\u00a0um\u00a0time\u00a0que\u00a0se\u00a0destaca\u00a0pela\u00a0inova\u00e7\u00e3o\u00a0e\u00a0comprometimento\u00a0com\u00a0os\u00a0melhores\u00a0resultados. Forma\u00e7\u00e3o\u00a0desejada:\u00a0Gest\u00e3o\u00a0de\u00a0Recursos\u00a0Humanos,\u00a0Administra\u00e7\u00e3o,\u00a0Contabilidade ou\u00a0\u00e1reas\u00a0relacionadas. Sal\u00e1rio:\u00a0Estamos\u00a0trabalhando\u00a0com\u00a0pretens\u00e3o\u00a0salarial. Hor\u00e1rio\/Escala:\u00a05&#215;2\u00a0&#8211;\u00a009:00\u00a0\u00e0s\u00a018:00\u00a0&#8211;\u00a0Seg\u00a0a\u00a0Sexta. Benef\u00edcios:\u00a0Vale\u00a0transporte\u00a0+\u00a0vale\u00a0refei\u00e7\u00e3o\u00a0+\u00a0Seguro\u00a0de\u00a0vida\u00a0+\u00a0plano\u00a0de\u00a0sa\u00fade\u00a0e\u00a0odontol\u00f3gico\u00a0+\u00a0Totalpass\u00a0+\u00a0participa\u00e7\u00e3o\u00a0nos\u00a0lucros\u00a0+\u00a0cursos\u00a0gratuitos\u00a0na\u00a0plataforma udemy\u00a0+\u00a0conv\u00eanios com\u00a0faculdades. Modelo\u00a0de\u00a0trabalho:\u00a0H\u00edbrido\u00a0(1\u00a0a\u00a02x\u00a0na\u00a0semana\u00a0presencial). Aten\u00e7\u00e3o! Precisa\u00a0ter\u00a0disponibilidade\u00a0de\u00a0hor\u00e1rios,\u00a0caso\u00a0seja\u00a0necess\u00e1rio\u00a0trabalhar\u00a0em\u00a0outro\u00a0turno\u00a0ou\u00a0aos\u00a0finais\u00a0de\u00a0semana\u00a0(esporadicamente). Aguardamos\u00a0seu\u00a0interesse\u00a0para\u00a0fazer\u00a0parte\u00a0dessa\u00a0jornada\u00a0de\u00a0sucesso! Local de trabalho: Rio de Janeiro, RJ Regime [&hellip;]<\/p>\n","protected":false},"author":1,"featured_media":0,"comment_status":"open","ping_status":"open","sticky":false,"template":"","format":"standard","meta":{"footnotes":""},"categories":[21],"tags":[],"class_list":["post-1840","post","type-post","status-publish","format-standard","hentry","category-rio-de-janeiro-rj"],"_links":{"self":[{"href":"https:\/\/vagas.portalemprego.com.br\/index.php?rest_route=\/wp\/v2\/posts\/1840","targetHints":{"allow":["GET"]}}],"collection":[{"href":"https:\/\/vagas.portalemprego.com.br\/index.php?rest_route=\/wp\/v2\/posts"}],"about":[{"href":"https:\/\/vagas.portalemprego.com.br\/index.php?rest_route=\/wp\/v2\/types\/post"}],"author":[{"embeddable":true,"href":"https:\/\/vagas.portalemprego.com.br\/index.php?rest_route=\/wp\/v2\/users\/1"}],"replies":[{"embeddable":true,"href":"https:\/\/vagas.portalemprego.com.br\/index.php?rest_route=%2Fwp%2Fv2%2Fcomments&post=1840"}],"version-history":[{"count":0,"href":"https:\/\/vagas.portalemprego.com.br\/index.php?rest_route=\/wp\/v2\/posts\/1840\/revisions"}],"wp:attachment":[{"href":"https:\/\/vagas.portalemprego.com.br\/index.php?rest_route=%2Fwp%2Fv2%2Fmedia&parent=1840"}],"wp:term":[{"taxonomy":"category","embeddable":true,"href":"https:\/\/vagas.portalemprego.com.br\/index.php?rest_route=%2Fwp%2Fv2%2Fcategories&post=1840"},{"taxonomy":"post_tag","embeddable":true,"href":"https:\/\/vagas.portalemprego.com.br\/index.php?rest_route=%2Fwp%2Fv2%2Ftags&post=1840"}],"curies":[{"name":"wp","href":"https:\/\/api.w.org\/{rel}","templated":true}]}}