{"id":1843,"date":"2026-04-29T06:28:28","date_gmt":"2026-04-29T09:28:28","guid":{"rendered":"https:\/\/vagas.portalemprego.com.br\/?p=1843"},"modified":"2026-04-29T06:28:28","modified_gmt":"2026-04-29T09:28:28","slug":"auxiliar-de-limpeza-marica-servicos-gerais-marica","status":"publish","type":"post","link":"https:\/\/vagas.portalemprego.com.br\/?p=1843","title":{"rendered":"Auxiliar de Limpeza &#8211; MARIC\u00c1 &#8211; Servi\u00e7os Gerais &#8211; Maric\u00e1"},"content":{"rendered":"<p>Auxiliar de Limpeza &#8211; MARIC\u00c1<br \/>\nEstamos em busca de um profissional para o cargo de Auxiliar de Limpeza em Maric\u00e1.<br \/>\nFun\u00e7\u00f5es<br \/>\nRealizar limpeza e higieniza\u00e7\u00e3o de espa\u00e7os internos<br \/>\nColaborar com outras equipes para garantir um ambiente limpo e seguran\u00e7a<\/p>\n<ul>\n<li>N\u00famero de vagas: 5<\/li>\n<li>Local de trabalho: Maric\u00e1, RJ<\/li>\n<li>Regime de contrata\u00e7\u00e3o de tipo: Efetivo \u2013 CLT<\/li>\n<li>Jornada: Per\u00edodo Integral<\/li>\n<li>\u00c1rea e especializa\u00e7\u00e3o profissional: Servi\u00e7os Gerais &#8211; Limpeza<\/li>\n<li>N\u00edvel hier\u00e1rquico: Auxiliar<\/li>\n<\/ul>\n<p>Escolaridade M\u00ednima: Ensino Fundamental (1\u00ba grau)<\/p>\n<p>Sal\u00e1rio: 1730,75<\/p>\n","protected":false},"excerpt":{"rendered":"<p>Auxiliar de Limpeza &#8211; MARIC\u00c1 Estamos em busca de um profissional para o cargo de Auxiliar de Limpeza em Maric\u00e1. Fun\u00e7\u00f5es Realizar limpeza e higieniza\u00e7\u00e3o de espa\u00e7os internos Colaborar com outras equipes para garantir um ambiente limpo e seguran\u00e7a N\u00famero de vagas: 5 Local de trabalho: Maric\u00e1, RJ Regime de contrata\u00e7\u00e3o de tipo: Efetivo \u2013 [&hellip;]<\/p>\n","protected":false},"author":1,"featured_media":0,"comment_status":"open","ping_status":"open","sticky":false,"template":"","format":"standard","meta":{"footnotes":""},"categories":[21],"tags":[],"class_list":["post-1843","post","type-post","status-publish","format-standard","hentry","category-rio-de-janeiro-rj"],"_links":{"self":[{"href":"https:\/\/vagas.portalemprego.com.br\/index.php?rest_route=\/wp\/v2\/posts\/1843","targetHints":{"allow":["GET"]}}],"collection":[{"href":"https:\/\/vagas.portalemprego.com.br\/index.php?rest_route=\/wp\/v2\/posts"}],"about":[{"href":"https:\/\/vagas.portalemprego.com.br\/index.php?rest_route=\/wp\/v2\/types\/post"}],"author":[{"embeddable":true,"href":"https:\/\/vagas.portalemprego.com.br\/index.php?rest_route=\/wp\/v2\/users\/1"}],"replies":[{"embeddable":true,"href":"https:\/\/vagas.portalemprego.com.br\/index.php?rest_route=%2Fwp%2Fv2%2Fcomments&post=1843"}],"version-history":[{"count":0,"href":"https:\/\/vagas.portalemprego.com.br\/index.php?rest_route=\/wp\/v2\/posts\/1843\/revisions"}],"wp:attachment":[{"href":"https:\/\/vagas.portalemprego.com.br\/index.php?rest_route=%2Fwp%2Fv2%2Fmedia&parent=1843"}],"wp:term":[{"taxonomy":"category","embeddable":true,"href":"https:\/\/vagas.portalemprego.com.br\/index.php?rest_route=%2Fwp%2Fv2%2Fcategories&post=1843"},{"taxonomy":"post_tag","embeddable":true,"href":"https:\/\/vagas.portalemprego.com.br\/index.php?rest_route=%2Fwp%2Fv2%2Ftags&post=1843"}],"curies":[{"name":"wp","href":"https:\/\/api.w.org\/{rel}","templated":true}]}}