{"id":1847,"date":"2026-04-29T06:28:28","date_gmt":"2026-04-29T09:28:28","guid":{"rendered":"https:\/\/vagas.portalemprego.com.br\/?p=1847"},"modified":"2026-04-29T06:28:28","modified_gmt":"2026-04-29T09:28:28","slug":"pintor-zona-sul-e-zona-oeste-construcao-manutencao-rio-de-janeiro","status":"publish","type":"post","link":"https:\/\/vagas.portalemprego.com.br\/?p=1847","title":{"rendered":"Pintor &#8211; Zona Sul e Zona Oeste &#8211; Constru\u00e7\u00e3o, Manuten\u00e7\u00e3o &#8211; Rio de Janeiro"},"content":{"rendered":"<p>No Supermercado Zona Sul, acreditamos que o nosso sucesso est\u00e1 diretamente ligado ao empenho e dedica\u00e7\u00e3o de cada membro da nossa equipe. Trabalhar conosco n\u00e3o \u00e9 apenas ocupar uma vaga, mas sim, integrar uma fam\u00edlia que valoriza o respeito, a coopera\u00e7\u00e3o e o crescimento profissional.<\/p>\n<p>Se voc\u00ea \u00e9 uma pessoa proativa, dedicada e quer fazer parte de uma empresa que reconhece e valoriza o esfor\u00e7o, ent\u00e3o essa \u00e9 a sua chance! Junte-se a n\u00f3s e ajude a construir um ambiente de trabalho onde cada conquista \u00e9 celebrada e cada desafio \u00e9 uma oportunidade para aprender e crescer.<\/p>\n<p>Responsabilidades:<br \/>\n&#8211; Aplicar tinta PVC e acr\u00edlica;<br \/>\n&#8211; Executar impermeabiliza\u00e7\u00e3o e aplica\u00e7\u00e3o de selante antes da pintura;<br \/>\n&#8211; Pintar paredes e pisos;<br \/>\n&#8211; Realizar reparos com gesso e drywall, quando necess\u00e1rio;<br \/>\n&#8211; Fazer retoques com precis\u00e3o e aten\u00e7\u00e3o aos detalhes;<br \/>\n&#8211; Outras atividades pertinentes \u00e0 fun\u00e7\u00e3o.<\/p>\n<p>Requisitos:<br \/>\n&#8211; Experi\u00eancia pr\u00e9via em pintura<br \/>\n&#8211; Conhecimento t\u00e9cnico em t\u00e9cnicas de pintura, como prepara\u00e7\u00e3o de superf\u00edcies e aplica\u00e7\u00e3o de tintas;<br \/>\n&#8211; Conhecimento b\u00e1sico em normas de seguran\u00e7a relacionadas ao manuseio de materiais e ferramentas de pintura;<br \/>\n&#8211; Disponibilidade para atuar de forma volante nas lojas da zona sul e zona oeste do RJ no turno da madrugada.<\/p>\n<p>Escala de trabalho: 6&#215;1<br \/>\nHor\u00e1rio: segunda \u00e0 s\u00e1bado \u2013 22h \u00e0s 6h<\/p>\n<p>Benef\u00edcios:<br \/>\nSal\u00e1rio compat\u00edvel com o mercado<br \/>\nVale Transporte<br \/>\nRefei\u00e7\u00e3o no local<br \/>\nPlano de Sa\u00fade<br \/>\nPlano Odontol\u00f3gico<br \/>\nSeguro de Vida<br \/>\nParticipa\u00e7\u00e3o nos Resultados<br \/>\nDescontos em produtos<\/p>\n<p>Venha fazer parte da nossa hist\u00f3ria!<\/p>\n<p>Todas as nossas vagas s\u00e3o eleg\u00edveis para pessoas com defici\u00eancia ou reabilitadas pela Previd\u00eancia Social.<\/p>\n<ul>\n<li>N\u00famero de vagas: 3<\/li>\n<li>Local de trabalho: Rio de Janeiro, RJ<\/li>\n<li>Regime de contrata\u00e7\u00e3o de tipo: Efetivo \u2013 CLT<\/li>\n<li>Jornada: Per\u00edodo Integral<\/li>\n<li>\u00c1rea e especializa\u00e7\u00e3o profissional: Constru\u00e7\u00e3o, Manuten\u00e7\u00e3o &#8211; Pintura<\/li>\n<li>N\u00edvel hier\u00e1rquico: Operacional<\/li>\n<\/ul>\n<p>VALORIZADO<\/p>\n<p>Tempo de experi\u00eancia: Entre 1 e 3 anos<\/p>\n<p>Escolaridade M\u00ednima: Ensino M\u00e9dio (2\u00ba Grau)<\/p>\n<ul>\n<li>Alimenta\u00e7\u00e3o no local<\/li>\n<li>Seguro de vida<\/li>\n<li>Participa\u00e7\u00e3o nos lucros<\/li>\n<li>Plano de sa\u00fade e odontol\u00f3gico<\/li>\n<li>Desconto para compras<\/li>\n<li>VT<\/li>\n<\/ul>\n","protected":false},"excerpt":{"rendered":"<p>No Supermercado Zona Sul, acreditamos que o nosso sucesso est\u00e1 diretamente ligado ao empenho e dedica\u00e7\u00e3o de cada membro da nossa equipe. Trabalhar conosco n\u00e3o \u00e9 apenas ocupar uma vaga, mas sim, integrar uma fam\u00edlia que valoriza o respeito, a coopera\u00e7\u00e3o e o crescimento profissional. Se voc\u00ea \u00e9 uma pessoa proativa, dedicada e quer fazer [&hellip;]<\/p>\n","protected":false},"author":1,"featured_media":0,"comment_status":"open","ping_status":"open","sticky":false,"template":"","format":"standard","meta":{"footnotes":""},"categories":[21],"tags":[],"class_list":["post-1847","post","type-post","status-publish","format-standard","hentry","category-rio-de-janeiro-rj"],"_links":{"self":[{"href":"https:\/\/vagas.portalemprego.com.br\/index.php?rest_route=\/wp\/v2\/posts\/1847","targetHints":{"allow":["GET"]}}],"collection":[{"href":"https:\/\/vagas.portalemprego.com.br\/index.php?rest_route=\/wp\/v2\/posts"}],"about":[{"href":"https:\/\/vagas.portalemprego.com.br\/index.php?rest_route=\/wp\/v2\/types\/post"}],"author":[{"embeddable":true,"href":"https:\/\/vagas.portalemprego.com.br\/index.php?rest_route=\/wp\/v2\/users\/1"}],"replies":[{"embeddable":true,"href":"https:\/\/vagas.portalemprego.com.br\/index.php?rest_route=%2Fwp%2Fv2%2Fcomments&post=1847"}],"version-history":[{"count":0,"href":"https:\/\/vagas.portalemprego.com.br\/index.php?rest_route=\/wp\/v2\/posts\/1847\/revisions"}],"wp:attachment":[{"href":"https:\/\/vagas.portalemprego.com.br\/index.php?rest_route=%2Fwp%2Fv2%2Fmedia&parent=1847"}],"wp:term":[{"taxonomy":"category","embeddable":true,"href":"https:\/\/vagas.portalemprego.com.br\/index.php?rest_route=%2Fwp%2Fv2%2Fcategories&post=1847"},{"taxonomy":"post_tag","embeddable":true,"href":"https:\/\/vagas.portalemprego.com.br\/index.php?rest_route=%2Fwp%2Fv2%2Ftags&post=1847"}],"curies":[{"name":"wp","href":"https:\/\/api.w.org\/{rel}","templated":true}]}}