{"id":1848,"date":"2026-04-29T06:28:28","date_gmt":"2026-04-29T09:28:28","guid":{"rendered":"https:\/\/vagas.portalemprego.com.br\/?p=1848"},"modified":"2026-04-29T06:28:28","modified_gmt":"2026-04-29T09:28:28","slug":"oficial-de-manutencao-construcao-manutencao-rio-de-janeiro-7","status":"publish","type":"post","link":"https:\/\/vagas.portalemprego.com.br\/?p=1848","title":{"rendered":"Oficial de Manuten\u00e7\u00e3o &#8211; Constru\u00e7\u00e3o, Manuten\u00e7\u00e3o &#8211; Rio de Janeiro"},"content":{"rendered":"<p>Responsabilidades:<br \/>\n&#8211; CIVIL: Reparos de alvenaria, troca de piso, rejunte, pintura, pequenas demoli\u00e7\u00f5es, pequenas concretagem;<br \/>\n&#8211; EL\u00c9TRICA: troca de interruptores, l\u00e2mpadas, tomadas, disjuntores, verifica\u00e7\u00e3o dos quadros el\u00e9tricos, passagem de circuito, troca\/ reparo de bot\u00f5es de emerg\u00eancia. Acompanhamento de empresas terceiras quando est\u00e3o fazendo preventivas nas lojas;<br \/>\n&#8211; HIDR\u00c1ULICA: reparos em tubula\u00e7\u00f5es e nos metais, vazamentos, desobstru\u00e7\u00e3o, limpeza de caixa de gordura.<\/p>\n<p>Requisitos:<br \/>\n&#8211; Ensino M\u00e9dio Completo;<br \/>\n&#8211; Certifica\u00e7\u00e3o\/ Curso t\u00e9cnico em el\u00e9trica (pelo menos 120h);<br \/>\n&#8211; Conhecimento s\u00f3lido em hidr\u00e1ulica, el\u00e9trica e civil, com capacidade para solucionar problemas e propor melhorias t\u00e9cnicas;<br \/>\n&#8211; Conhecimentos da ferramenta de Excel.<\/p>\n<p>Hor\u00e1rio e escala de trabalho:<br \/>\nSegunda \u00e0 S\u00e1bado &#8211; de 07h \u00e0s 15h20h ou 9h \u00e0s 17h20<br \/>\nImportante ter disponibilidade para atuar rodando lojas da Zona Sul e Zona Oeste<\/p>\n<p>\u201cTodas as nossas vagas s\u00e3o eleg\u00edveis para pessoas com defici\u00eancia ou reabilitadas pela Previd\u00eancia Social.\u201d<\/p>\n<ul>\n<li>N\u00famero de vagas: 4<\/li>\n<li>Local de trabalho: Rio de Janeiro, RJ<\/li>\n<li>Regime de contrata\u00e7\u00e3o de tipo: Efetivo \u2013 CLT<\/li>\n<li>Jornada: Per\u00edodo Integral<\/li>\n<li>\u00c1rea e especializa\u00e7\u00e3o profissional: Constru\u00e7\u00e3o, Manuten\u00e7\u00e3o &#8211; Eletricista \/ Manuten\u00e7\u00e3o El\u00e9trica<\/li>\n<li>N\u00edvel hier\u00e1rquico: Operacional<\/li>\n<\/ul>\n<p>VALORIZADO<\/p>\n<p>Tempo de experi\u00eancia: Entre 1 e 3 anos<\/p>\n<p>HABILIDADES<\/p>\n<ul>\n<li>conhecimento em hidr\u00e1ulica, el\u00e9trica, civil<\/li>\n<\/ul>\n<p>Escolaridade M\u00ednima: Curso T\u00e9cnico<\/p>\n<ul>\n<li>Alimenta\u00e7\u00e3o local<\/li>\n<li>Vale Transporte<\/li>\n<li>Desconto em compras<\/li>\n<li>Plano de Sa\u00fade e Odontol\u00f3gico<\/li>\n<li>PLR<\/li>\n<li>Seguro de Vida<\/li>\n<\/ul>\n<p>Sal\u00e1rio: 2300,0<\/p>\n","protected":false},"excerpt":{"rendered":"<p>Responsabilidades: &#8211; CIVIL: Reparos de alvenaria, troca de piso, rejunte, pintura, pequenas demoli\u00e7\u00f5es, pequenas concretagem; &#8211; EL\u00c9TRICA: troca de interruptores, l\u00e2mpadas, tomadas, disjuntores, verifica\u00e7\u00e3o dos quadros el\u00e9tricos, passagem de circuito, troca\/ reparo de bot\u00f5es de emerg\u00eancia. Acompanhamento de empresas terceiras quando est\u00e3o fazendo preventivas nas lojas; &#8211; HIDR\u00c1ULICA: reparos em tubula\u00e7\u00f5es e nos metais, vazamentos, [&hellip;]<\/p>\n","protected":false},"author":1,"featured_media":0,"comment_status":"open","ping_status":"open","sticky":false,"template":"","format":"standard","meta":{"footnotes":""},"categories":[21],"tags":[],"class_list":["post-1848","post","type-post","status-publish","format-standard","hentry","category-rio-de-janeiro-rj"],"_links":{"self":[{"href":"https:\/\/vagas.portalemprego.com.br\/index.php?rest_route=\/wp\/v2\/posts\/1848","targetHints":{"allow":["GET"]}}],"collection":[{"href":"https:\/\/vagas.portalemprego.com.br\/index.php?rest_route=\/wp\/v2\/posts"}],"about":[{"href":"https:\/\/vagas.portalemprego.com.br\/index.php?rest_route=\/wp\/v2\/types\/post"}],"author":[{"embeddable":true,"href":"https:\/\/vagas.portalemprego.com.br\/index.php?rest_route=\/wp\/v2\/users\/1"}],"replies":[{"embeddable":true,"href":"https:\/\/vagas.portalemprego.com.br\/index.php?rest_route=%2Fwp%2Fv2%2Fcomments&post=1848"}],"version-history":[{"count":0,"href":"https:\/\/vagas.portalemprego.com.br\/index.php?rest_route=\/wp\/v2\/posts\/1848\/revisions"}],"wp:attachment":[{"href":"https:\/\/vagas.portalemprego.com.br\/index.php?rest_route=%2Fwp%2Fv2%2Fmedia&parent=1848"}],"wp:term":[{"taxonomy":"category","embeddable":true,"href":"https:\/\/vagas.portalemprego.com.br\/index.php?rest_route=%2Fwp%2Fv2%2Fcategories&post=1848"},{"taxonomy":"post_tag","embeddable":true,"href":"https:\/\/vagas.portalemprego.com.br\/index.php?rest_route=%2Fwp%2Fv2%2Ftags&post=1848"}],"curies":[{"name":"wp","href":"https:\/\/api.w.org\/{rel}","templated":true}]}}