{"id":1849,"date":"2026-04-29T06:28:28","date_gmt":"2026-04-29T09:28:28","guid":{"rendered":"https:\/\/vagas.portalemprego.com.br\/?p=1849"},"modified":"2026-04-29T06:28:28","modified_gmt":"2026-04-29T09:28:28","slug":"auxiliar-de-confeitaria-barra-da-tijuca-alimentacao-gastronomia-rio-de-janeiro","status":"publish","type":"post","link":"https:\/\/vagas.portalemprego.com.br\/?p=1849","title":{"rendered":"Auxiliar de Confeitaria &#8211; Barra da Tijuca &#8211; Alimenta\u00e7\u00e3o \/ Gastronomia &#8211; Rio de Janeiro"},"content":{"rendered":"<p>No Supermercado Zona Sul, acreditamos que o nosso sucesso est\u00e1 diretamente ligado ao empenho e dedica\u00e7\u00e3o de cada membro da nossa equipe. Trabalhar conosco n\u00e3o \u00e9 apenas ocupar uma vaga, mas sim, integrar uma fam\u00edlia que valoriza o respeito, a coopera\u00e7\u00e3o e o crescimento profissional.<\/p>\n<p>Se voc\u00ea \u00e9 uma pessoa proativa, dedicada e quer fazer parte de uma empresa que reconhece e valoriza o esfor\u00e7o, ent\u00e3o essa \u00e9 a sua chance! Junte-se a n\u00f3s e ajude a construir um ambiente de trabalho onde cada conquista \u00e9 celebrada e cada desafio \u00e9 uma oportunidade para aprender e crescer.<\/p>\n<p>Responsabilidades:<br \/>\n&#8211; Auxiliar no preparo de massas, recheios e coberturas;<br \/>\n&#8211; Manuten\u00e7\u00e3o da limpeza, lava\u00e7\u00e3o e organiza\u00e7\u00e3o dos utens\u00edlios organiza\u00e7\u00e3o da \u00e1rea de trabalho;<br \/>\n&#8211; Aux\u00edlio na montagem e decora\u00e7\u00e3o de bolos e sobremesas;<br \/>\n&#8211; Verificar a qualidade dos produtos acabados e garantir que atendam aos padr\u00f5es de qualidade.<\/p>\n<p>Requisitos:<br \/>\n&#8211; Experi\u00eancia pr\u00e9via na fun\u00e7\u00e3o ou similar ser\u00e1 um diferencial.<br \/>\n&#8211; Disponibilidade para trabalhar por escala e finais de semana.<br \/>\n&#8211; Ser proativo, organizado e ter facilidade para trabalhar em equipe.<\/p>\n<p>Benef\u00edcios:<br \/>\nSal\u00e1rio compat\u00edvel com o mercado<br \/>\nVale Transporte<br \/>\nRefei\u00e7\u00e3o no local<br \/>\nPlano de Sa\u00fade<br \/>\nPlano Odontol\u00f3gico<br \/>\nSeguro de Vida<br \/>\nParticipa\u00e7\u00e3o nos Resultados<br \/>\nDesconto em produtos da empresa<\/p>\n<p>Venha fazer parte da nossa hist\u00f3ria!<\/p>\n<p>\u201cTodas as nossas vagas s\u00e3o eleg\u00edveis para pessoas com defici\u00eancia ou reabilitadas pela Previd\u00eancia Social.\u201d<\/p>\n<ul>\n<li>N\u00famero de vagas: 3<\/li>\n<li>Local de trabalho: Rio de Janeiro, RJ<\/li>\n<li>Regime de contrata\u00e7\u00e3o de tipo: Efetivo \u2013 CLT<\/li>\n<li>Jornada: Per\u00edodo Integral<\/li>\n<li>\u00c1rea e especializa\u00e7\u00e3o profissional: Alimenta\u00e7\u00e3o \/ Gastronomia &#8211; Cozinha<\/li>\n<li>N\u00edvel hier\u00e1rquico: Auxiliar<\/li>\n<\/ul>\n<p>VALORIZADO<\/p>\n<p>Tempo de experi\u00eancia: Sem experi\u00eancia<\/p>\n<p>Escolaridade M\u00ednima: Ensino Fundamental (1\u00ba grau)<\/p>\n<ul>\n<li>Alimenta\u00e7\u00e3o no local<\/li>\n<li>Vale transporte<\/li>\n<li>Participa\u00e7\u00e3o nos lucros<\/li>\n<li>Plano Odontol\u00f3gico<\/li>\n<li>Plano de Sa\u00fade<\/li>\n<li>Desconto em produtos<\/li>\n<li>Seguro de vida<\/li>\n<\/ul>\n","protected":false},"excerpt":{"rendered":"<p>No Supermercado Zona Sul, acreditamos que o nosso sucesso est\u00e1 diretamente ligado ao empenho e dedica\u00e7\u00e3o de cada membro da nossa equipe. Trabalhar conosco n\u00e3o \u00e9 apenas ocupar uma vaga, mas sim, integrar uma fam\u00edlia que valoriza o respeito, a coopera\u00e7\u00e3o e o crescimento profissional. Se voc\u00ea \u00e9 uma pessoa proativa, dedicada e quer fazer [&hellip;]<\/p>\n","protected":false},"author":1,"featured_media":0,"comment_status":"open","ping_status":"open","sticky":false,"template":"","format":"standard","meta":{"footnotes":""},"categories":[21],"tags":[],"class_list":["post-1849","post","type-post","status-publish","format-standard","hentry","category-rio-de-janeiro-rj"],"_links":{"self":[{"href":"https:\/\/vagas.portalemprego.com.br\/index.php?rest_route=\/wp\/v2\/posts\/1849","targetHints":{"allow":["GET"]}}],"collection":[{"href":"https:\/\/vagas.portalemprego.com.br\/index.php?rest_route=\/wp\/v2\/posts"}],"about":[{"href":"https:\/\/vagas.portalemprego.com.br\/index.php?rest_route=\/wp\/v2\/types\/post"}],"author":[{"embeddable":true,"href":"https:\/\/vagas.portalemprego.com.br\/index.php?rest_route=\/wp\/v2\/users\/1"}],"replies":[{"embeddable":true,"href":"https:\/\/vagas.portalemprego.com.br\/index.php?rest_route=%2Fwp%2Fv2%2Fcomments&post=1849"}],"version-history":[{"count":0,"href":"https:\/\/vagas.portalemprego.com.br\/index.php?rest_route=\/wp\/v2\/posts\/1849\/revisions"}],"wp:attachment":[{"href":"https:\/\/vagas.portalemprego.com.br\/index.php?rest_route=%2Fwp%2Fv2%2Fmedia&parent=1849"}],"wp:term":[{"taxonomy":"category","embeddable":true,"href":"https:\/\/vagas.portalemprego.com.br\/index.php?rest_route=%2Fwp%2Fv2%2Fcategories&post=1849"},{"taxonomy":"post_tag","embeddable":true,"href":"https:\/\/vagas.portalemprego.com.br\/index.php?rest_route=%2Fwp%2Fv2%2Ftags&post=1849"}],"curies":[{"name":"wp","href":"https:\/\/api.w.org\/{rel}","templated":true}]}}