{"id":1852,"date":"2026-04-29T06:28:28","date_gmt":"2026-04-29T09:28:28","guid":{"rendered":"https:\/\/vagas.portalemprego.com.br\/?p=1852"},"modified":"2026-04-29T06:28:28","modified_gmt":"2026-04-29T09:28:28","slug":"executivo-de-contas-comercial-vendas-rio-de-janeiro","status":"publish","type":"post","link":"https:\/\/vagas.portalemprego.com.br\/?p=1852","title":{"rendered":"Executivo de Contas &#8211; Comercial, Vendas &#8211; Rio de Janeiro"},"content":{"rendered":"<p>VinilSul Contrata!<\/p>\n<p>No mercado desde 1995, somos um dos maiores distribuidores de equipamentos e suprimentos para comunica\u00e7\u00e3o visual, estamparia digital e refletivos do Brasil.<br \/>\nCom 8 unidades distribu\u00eddas estrategicamente al\u00e9m do estoque central, contamos com uma extensa linha de suprimentos, impressoras e outros equipamentos, LEDs para ind\u00fastrias de luminosos e refletivos para sinaliza\u00e7\u00e3o vi\u00e1ria.<\/p>\n<p>Procuramos pessoas motivadas e talentosas para fazerem parte do nosso time!<br \/>\nNosso lema \u00e9 fazer o melhor e queremos conosco pessoas comprometidas e que amam o que fazem.<br \/>\nAlgumas das atividades do nosso(a) Executivo de Contas:<br \/>\n?\u00a0\u00a0\u00a0\u00a0\u00a0\u00a0\u00a0Monitorar e dar suporte \u00e0 carteira de clientes junto ao vendedor externo.<br \/>\n?\u00a0\u00a0\u00a0\u00a0\u00a0\u00a0\u00a0Prospectar novos clientes, realizar liga\u00e7\u00f5es ativas e manter cadastro atualizado no CRM.<br \/>\n?\u00a0\u00a0\u00a0\u00a0\u00a0\u00a0\u00a0Atender solicita\u00e7\u00f5es, coletar dados e apoiar no relacionamento com clientes.<br \/>\n?\u00a0\u00a0\u00a0\u00a0\u00a0\u00a0\u00a0Acompanhar processos de entrega, reclama\u00e7\u00f5es e devolu\u00e7\u00f5es.<br \/>\n?\u00a0\u00a0\u00a0\u00a0\u00a0\u00a0\u00a0Executar estrat\u00e9gias de vendas e apoiar negocia\u00e7\u00f5es em conjunto com a equipe comercial.<br \/>\n?\u00a0\u00a0\u00a0\u00a0\u00a0\u00a0\u00a0Fornecer informa\u00e7\u00f5es financeiras para an\u00e1lise de cr\u00e9dito.<br \/>\n?\u00a0\u00a0\u00a0\u00a0\u00a0\u00a0\u00a0Participar de campanhas de incentivo, treinamentos, feiras e eventos.<br \/>\nRequisitos Necess\u00e1rios:<br \/>\n?\u00a0\u00a0\u00a0\u00a0\u00a0\u00a0\u00a0Ensino m\u00e9dio completo ou cursando superior em Administra\u00e7\u00e3o, Gest\u00e3o Comercial, Marketing ou \u00e1reas correlatas.<br \/>\n?\u00a0\u00a0\u00a0\u00a0\u00a0\u00a0\u00a0Experi\u00eancia na \u00e1rea comercial, atendimento ou relacionamento com clientes.<br \/>\n?\u00a0\u00a0\u00a0\u00a0\u00a0\u00a0\u00a0Conhecimento em CRM e pacote Office (principalmente Excel).<br \/>\n?\u00a0\u00a0\u00a0\u00a0\u00a0\u00a0\u00a0Habilidade em prospec\u00e7\u00e3o ativa (liga\u00e7\u00f5es, e-mails, redes sociais).<br \/>\nDiferenciais:<br \/>\n?\u00a0\u00a0\u00a0\u00a0 Experi\u00eancia em vendas B2B.<br \/>\n?\u00a0\u00a0\u00a0\u00a0 Conhecimento em sistemas ERP.<br \/>\nBenef\u00edcios:<br \/>\n?\u00a0\u00a0\u00a0\u00a0\u00a0\u00a0\u00a0Participa\u00e7\u00e3o em campanhas de vendas, com oportunidades de premia\u00e7\u00f5es.<br \/>\n?\u00a0\u00a0\u00a0\u00a0\u00a0\u00a0\u00a0Vale Alimenta\u00e7\u00e3o\/Refei\u00e7\u00e3o (Cart\u00e3o Wiipo) R$ 46,20 por dia (desconto de R$ 1,00 em folha de pagamento).<br \/>\n?\u00a0\u00a0\u00a0\u00a0\u00a0\u00a0\u00a0Vale Transporte ou Aux\u00edlio Combust\u00edvel (desconto de R$ 1,00 em folha de pagamento).<br \/>\n?\u00a0\u00a0\u00a0\u00a0\u00a0\u00a0\u00a0Plano de Sa\u00fade Sul Am\u00e9rica (com possibilidade de inclus\u00e3o de dependentes).<br \/>\n?\u00a0\u00a0\u00a0\u00a0\u00a0\u00a0\u00a0Plano Odontol\u00f3gico Sul Am\u00e9rica (com possibilidade de extens\u00e3o para dependentes at\u00e9 o terceiro grau).<br \/>\n?\u00a0\u00a0\u00a0\u00a0\u00a0\u00a0\u00a0Seguro de Vida (Sul Am\u00e9rica).<br \/>\n?\u00a0\u00a0\u00a0\u00a0\u00a0\u00a0\u00a0Total Pass:\u00a0plataforma de bem-estar e qualidade de vida que oferece acesso a academias e est\u00fadios em todo o Brasil.<br \/>\n?\u00a0\u00a0\u00a0\u00a0\u00a0\u00a0\u00a0Extra especial: no final do ano, voc\u00ea recebe um cart\u00e3o vale-mercado para ajudar nas compras e celebrar as festas.<br \/>\n?\u00a0\u00a0\u00a0\u00a0\u00a0\u00a0\u00a0Vale Anivers\u00e1rio (cr\u00e9dito especial para celebrar os eu dia).<br \/>\n?\u00a0\u00a0\u00a0\u00a0\u00a0\u00a0\u00a0Treinamentos e capacita\u00e7\u00f5es atrav\u00e9s da plataforma Academia VinilSul.<br \/>\nInforma\u00e7\u00f5es Adicionais:<br \/>\n?\u00a0\u00a0\u00a0\u00a0 Modalidade 100% presencial.<br \/>\n?\u00a0\u00a0\u00a0\u00a0 Localiza\u00e7\u00e3o: Avenida Teixeira de Castro, 250 &#8211; Bonsucesso, Rio de Janeiro &#8211; CEP:21.040-112<br \/>\n?\u00a0\u00a0\u00a0\u00a0 Vaga eleg\u00edvel para pessoas com defici\u00eancia ou reabilitadas.<\/p>\n<ul>\n<li>Local de trabalho: Rio de Janeiro, RJ<\/li>\n<li>Regime de contrata\u00e7\u00e3o de tipo: Efetivo \u2013 CLT<\/li>\n<li>Jornada: Per\u00edodo Integral<\/li>\n<li>\u00c1rea e especializa\u00e7\u00e3o profissional: Comercial, Vendas &#8211; Venda Interna<\/li>\n<li>N\u00edvel hier\u00e1rquico: Consultor<\/li>\n<\/ul>\n<p>VALORIZADO<\/p>\n<p>Tempo de experi\u00eancia: Entre 1 e 3 anos<\/p>\n<p>Escolaridade M\u00ednima: Ensino M\u00e9dio (2\u00ba Grau)<\/p>\n<ul>\n<li>Vale-alimenta\u00e7\u00e3o<\/li>\n<li>Vale-transporte<\/li>\n<li>Assist\u00eancia m\u00e9dica<\/li>\n<li>Assist\u00eancia odontol\u00f3gica<\/li>\n<li>Seguro de Vida<\/li>\n<li>Total Pass<\/li>\n<\/ul>\n","protected":false},"excerpt":{"rendered":"<p>VinilSul Contrata! No mercado desde 1995, somos um dos maiores distribuidores de equipamentos e suprimentos para comunica\u00e7\u00e3o visual, estamparia digital e refletivos do Brasil. Com 8 unidades distribu\u00eddas estrategicamente al\u00e9m do estoque central, contamos com uma extensa linha de suprimentos, impressoras e outros equipamentos, LEDs para ind\u00fastrias de luminosos e refletivos para sinaliza\u00e7\u00e3o vi\u00e1ria. Procuramos [&hellip;]<\/p>\n","protected":false},"author":1,"featured_media":0,"comment_status":"open","ping_status":"open","sticky":false,"template":"","format":"standard","meta":{"footnotes":""},"categories":[21],"tags":[],"class_list":["post-1852","post","type-post","status-publish","format-standard","hentry","category-rio-de-janeiro-rj"],"_links":{"self":[{"href":"https:\/\/vagas.portalemprego.com.br\/index.php?rest_route=\/wp\/v2\/posts\/1852","targetHints":{"allow":["GET"]}}],"collection":[{"href":"https:\/\/vagas.portalemprego.com.br\/index.php?rest_route=\/wp\/v2\/posts"}],"about":[{"href":"https:\/\/vagas.portalemprego.com.br\/index.php?rest_route=\/wp\/v2\/types\/post"}],"author":[{"embeddable":true,"href":"https:\/\/vagas.portalemprego.com.br\/index.php?rest_route=\/wp\/v2\/users\/1"}],"replies":[{"embeddable":true,"href":"https:\/\/vagas.portalemprego.com.br\/index.php?rest_route=%2Fwp%2Fv2%2Fcomments&post=1852"}],"version-history":[{"count":0,"href":"https:\/\/vagas.portalemprego.com.br\/index.php?rest_route=\/wp\/v2\/posts\/1852\/revisions"}],"wp:attachment":[{"href":"https:\/\/vagas.portalemprego.com.br\/index.php?rest_route=%2Fwp%2Fv2%2Fmedia&parent=1852"}],"wp:term":[{"taxonomy":"category","embeddable":true,"href":"https:\/\/vagas.portalemprego.com.br\/index.php?rest_route=%2Fwp%2Fv2%2Fcategories&post=1852"},{"taxonomy":"post_tag","embeddable":true,"href":"https:\/\/vagas.portalemprego.com.br\/index.php?rest_route=%2Fwp%2Fv2%2Ftags&post=1852"}],"curies":[{"name":"wp","href":"https:\/\/api.w.org\/{rel}","templated":true}]}}