{"id":1857,"date":"2026-04-29T06:28:28","date_gmt":"2026-04-29T09:28:28","guid":{"rendered":"https:\/\/vagas.portalemprego.com.br\/?p=1857"},"modified":"2026-04-29T06:28:28","modified_gmt":"2026-04-29T09:28:28","slug":"assistente-de-vendas-comercial-vendas-rio-de-janeiro","status":"publish","type":"post","link":"https:\/\/vagas.portalemprego.com.br\/?p=1857","title":{"rendered":"Assistente de Vendas &#8211; Comercial, Vendas &#8211; Rio de Janeiro"},"content":{"rendered":"<p>VinilSul Contrata!<\/p>\n<p>No mercado desde 1995, somos um dos maiores distribuidores de equipamentos e suprimentos para comunica\u00e7\u00e3o visual, estamparia digital e refletivos do Brasil.<br \/>\nCom 8 unidades distribu\u00eddas estrategicamente al\u00e9m do estoque central, contamos com uma extensa linha de suprimentos, impressoras e outros equipamentos, LEDs para ind\u00fastrias de luminosos e refletivos para sinaliza\u00e7\u00e3o vi\u00e1ria.<\/p>\n<p>Procuramos pessoas motivadas e talentosas para fazerem parte do nosso time!<br \/>\nNosso lema \u00e9 fazer o melhor e queremos conosco pessoas comprometidas e que amam o que fazem.<\/p>\n<p>Algumas das atividades do nosso(a) Assistente de Vendas:<br \/>\n?\u00a0\u00a0\u00a0\u00a0\u00a0\u00a0\u00a0Atendimento ao cliente, por telefone, e-mail ou presencialmente;<br \/>\n?\u00a0\u00a0\u00a0\u00a0\u00a0\u00a0\u00a0Aux\u00edlio no processo de vendas, desde a prospec\u00e7\u00e3o de clientes at\u00e9 o fechamento do neg\u00f3cio;<br \/>\n?\u00a0\u00a0\u00a0\u00a0\u00a0\u00a0\u00a0Elabora\u00e7\u00e3o de propostas comerciais e acompanhamento do ciclo de vendas;<br \/>\n?\u00a0\u00a0\u00a0\u00a0\u00a0\u00a0\u00a0Apoio \u00e0 equipe de vendas na organiza\u00e7\u00e3o de agendas, controle de leads e follow-up com os clientes;<br \/>\n?\u00a0\u00a0\u00a0\u00a0\u00a0\u00a0\u00a0An\u00e1lise de indicadores de desempenho e gera\u00e7\u00e3o de relat\u00f3rios peri\u00f3dicos;<br \/>\n?\u00a0\u00a0\u00a0\u00a0\u00a0\u00a0\u00a0Suporte na log\u00edstica de entregas e p\u00f3s-venda.<br \/>\nRequisitos Necess\u00e1rios:<br \/>\n?\u00a0\u00a0\u00a0\u00a0\u00a0\u00a0\u00a0Ensino Superior completo ou cursando em \u00e1reas de Administra\u00e7\u00e3o, Com\u00e9rcio Exterior, Marketing ou \u00e1reas correlatas.<br \/>\n?\u00a0\u00a0\u00a0\u00a0\u00a0\u00a0\u00a0Experi\u00eancia em atividades de atendimento ou vendas.<br \/>\n?\u00a0\u00a0\u00a0\u00a0\u00a0\u00a0\u00a0Conhecimento em pacote Office, familiaridade com CRM.<br \/>\nDiferenciais:<br \/>\n?\u00a0\u00a0\u00a0\u00a0\u00a0\u00a0\u00a0Conhecimento de t\u00e9cnicas de negocia\u00e7\u00e3o e fechamento de vendas;<br \/>\n?\u00a0\u00a0\u00a0\u00a0\u00a0\u00a0\u00a0Experi\u00eancia em empresas do setor de varejo ou com\u00e9rcio.<br \/>\nBenef\u00edcios:<br \/>\n?\u00a0\u00a0\u00a0\u00a0 Possibilidade de participa\u00e7\u00e3o em campanhas de vendas, com oportunidades de premia\u00e7\u00f5es.<br \/>\n?\u00a0\u00a0\u00a0\u00a0 Vale Alimenta\u00e7\u00e3o\/Refei\u00e7\u00e3o (Cart\u00e3o Wiipo) R$ 46,20 por dia (desconto de R$ 1,00 em folha de pagamento).<br \/>\n?\u00a0\u00a0\u00a0\u00a0 Vale Transporte ou Aux\u00edlio Combust\u00edvel (desconto de R$ 1,00 em folha de pagamento).<br \/>\n?\u00a0\u00a0\u00a0\u00a0 Plano de Sa\u00fade Sul Am\u00e9rica (com possibilidade de inclus\u00e3o de dependentes).<br \/>\n?\u00a0\u00a0\u00a0\u00a0 Plano Odontol\u00f3gico Sul Am\u00e9rica (com possibilidade de extens\u00e3o para dependentes at\u00e9 o terceiro grau).<br \/>\n?\u00a0\u00a0\u00a0\u00a0 Seguro de Vida (Sul Am\u00e9rica).<br \/>\n?\u00a0\u00a0\u00a0\u00a0 TotalPass:\u00a0plataforma de bem-estar e qualidade de vida que oferece acesso a academias e est\u00fadios em todo o Brasil.<br \/>\n?\u00a0\u00a0\u00a0\u00a0 Extra especial: no final do ano, voc\u00ea recebe um cart\u00e3o vale-mercado para ajudar nas compras e celebrar as festas.<br \/>\n?\u00a0\u00a0\u00a0\u00a0 Vale Anivers\u00e1rio (cr\u00e9dito especial para celebrar o seu dia).<br \/>\n?\u00a0\u00a0\u00a0\u00a0 Treinamentos e capacita\u00e7\u00f5es atrav\u00e9s da plataforma Academia VinilSul.<br \/>\nInforma\u00e7\u00f5es Adicionais:<br \/>\n?\u00a0\u00a0\u00a0\u00a0Modalidade 100% presencial.<br \/>\n?\u00a0\u00a0\u00a0\u00a0Localiza\u00e7\u00e3o: Avenida Teixeira de Castro, 250 &#8211; Bonsucesso, Rio de Janeiro &#8211; CEP: 21.040-112<br \/>\n?\u00a0\u00a0\u00a0\u00a0Vaga eleg\u00edvel para pessoas com defici\u00eancia ou reabilitadas.<\/p>\n<ul>\n<li>Local de trabalho: Rio de Janeiro, RJ<\/li>\n<li>Regime de contrata\u00e7\u00e3o de tipo: Efetivo \u2013 CLT<\/li>\n<li>Jornada: Per\u00edodo Integral<\/li>\n<li>\u00c1rea e especializa\u00e7\u00e3o profissional: Comercial, Vendas &#8211; Venda Interna<\/li>\n<li>N\u00edvel hier\u00e1rquico: Assistente<\/li>\n<\/ul>\n<p>VALORIZADO<\/p>\n<p>Tempo de experi\u00eancia: Entre 1 e 3 anos<\/p>\n<p>Escolaridade M\u00ednima: Ensino M\u00e9dio (2\u00ba Grau)<\/p>\n<ul>\n<li>Vale-alimenta\u00e7\u00e3o<\/li>\n<li>Vale-transporte<\/li>\n<li>Seguro de Vida<\/li>\n<li>Assist\u00eancia m\u00e9dica<\/li>\n<li>Assist\u00eancia odontol\u00f3gica<\/li>\n<li>Total Pass<\/li>\n<\/ul>\n","protected":false},"excerpt":{"rendered":"<p>VinilSul Contrata! No mercado desde 1995, somos um dos maiores distribuidores de equipamentos e suprimentos para comunica\u00e7\u00e3o visual, estamparia digital e refletivos do Brasil. Com 8 unidades distribu\u00eddas estrategicamente al\u00e9m do estoque central, contamos com uma extensa linha de suprimentos, impressoras e outros equipamentos, LEDs para ind\u00fastrias de luminosos e refletivos para sinaliza\u00e7\u00e3o vi\u00e1ria. Procuramos [&hellip;]<\/p>\n","protected":false},"author":1,"featured_media":0,"comment_status":"open","ping_status":"open","sticky":false,"template":"","format":"standard","meta":{"footnotes":""},"categories":[21],"tags":[],"class_list":["post-1857","post","type-post","status-publish","format-standard","hentry","category-rio-de-janeiro-rj"],"_links":{"self":[{"href":"https:\/\/vagas.portalemprego.com.br\/index.php?rest_route=\/wp\/v2\/posts\/1857","targetHints":{"allow":["GET"]}}],"collection":[{"href":"https:\/\/vagas.portalemprego.com.br\/index.php?rest_route=\/wp\/v2\/posts"}],"about":[{"href":"https:\/\/vagas.portalemprego.com.br\/index.php?rest_route=\/wp\/v2\/types\/post"}],"author":[{"embeddable":true,"href":"https:\/\/vagas.portalemprego.com.br\/index.php?rest_route=\/wp\/v2\/users\/1"}],"replies":[{"embeddable":true,"href":"https:\/\/vagas.portalemprego.com.br\/index.php?rest_route=%2Fwp%2Fv2%2Fcomments&post=1857"}],"version-history":[{"count":0,"href":"https:\/\/vagas.portalemprego.com.br\/index.php?rest_route=\/wp\/v2\/posts\/1857\/revisions"}],"wp:attachment":[{"href":"https:\/\/vagas.portalemprego.com.br\/index.php?rest_route=%2Fwp%2Fv2%2Fmedia&parent=1857"}],"wp:term":[{"taxonomy":"category","embeddable":true,"href":"https:\/\/vagas.portalemprego.com.br\/index.php?rest_route=%2Fwp%2Fv2%2Fcategories&post=1857"},{"taxonomy":"post_tag","embeddable":true,"href":"https:\/\/vagas.portalemprego.com.br\/index.php?rest_route=%2Fwp%2Fv2%2Ftags&post=1857"}],"curies":[{"name":"wp","href":"https:\/\/api.w.org\/{rel}","templated":true}]}}