{"id":1858,"date":"2026-04-29T06:28:28","date_gmt":"2026-04-29T09:28:28","guid":{"rendered":"https:\/\/vagas.portalemprego.com.br\/?p=1858"},"modified":"2026-04-29T06:28:28","modified_gmt":"2026-04-29T09:28:28","slug":"estagio-em-ti-infraestrutura-e-seguranca-informatica-ti-telecomunicacoes-rio-de-janeiro","status":"publish","type":"post","link":"https:\/\/vagas.portalemprego.com.br\/?p=1858","title":{"rendered":"Est\u00e1gio em TI &#8211; Infraestrutura e Seguran\u00e7a &#8211; Inform\u00e1tica, TI, Telecomunica\u00e7\u00f5es &#8211; Rio de Janeiro"},"content":{"rendered":"<p>Empresa no segmento de previd\u00eancia complementar  busca estudantes de Ci\u00eancia da Computa\u00e7\u00e3o \/ Sistemas de Informa\u00e7\u00e3o \/ Engenharia de Computa\u00e7\u00e3o, a partir de 6\u00ba per\u00edodo, para oportunidade de est\u00e1gio. <\/p>\n<p>Atividades:<br \/>\n&#8211; Apoiar a administra\u00e7\u00e3o e monitoramento de ambientes de infraestrutura (servidores, redes e servi\u00e7os);<br \/>\n&#8211; Auxiliar no controle de acessos a sistemas, redes e recursos de TI;<br \/>\n&#8211; Apoiar a implementa\u00e7\u00e3o e acompanhamento de pol\u00edticas e procedimentos de seguran\u00e7a da informa\u00e7\u00e3o;<br \/>\n&#8211; Auxiliar na gest\u00e3o de usu\u00e1rios, permiss\u00f5es e perfis de acesso;<br \/>\n&#8211; Apoiar atividades de backup, restaura\u00e7\u00e3o e verifica\u00e7\u00e3o de integridade de dados;<br \/>\n&#8211; Acompanhar e apoiar a resolu\u00e7\u00e3o de incidentes de infraestrutura e seguran\u00e7a;<br \/>\n&#8211; Auxiliar na instala\u00e7\u00e3o, configura\u00e7\u00e3o e manuten\u00e7\u00e3o de hardware, software e perif\u00e9ricos;<br \/>\n&#8211; Apoiar diversos projetos e iniciativas de TI, que podem incluir atualiza\u00e7\u00f5es de sistemas, implanta\u00e7\u00f5es de software e aquisi\u00e7\u00e3o de hardware;<br \/>\n&#8211; Dentre outras pertinentes.<\/p>\n<p>Oferece bolsa R$ 1.360,00 + aux\u00edlio-transporte + vale-refei\u00e7\u00e3o (R$ 21\/dia \u00faltil)<\/p>\n<p>Hor\u00e1rio:  6h di\u00e1rias a combinar &#8211; segunda a sexta<\/p>\n<p>Local: Botafogo &#8211; Rio de Janeiro (modelo h\u00edbrido)<\/p>\n<p>Requisitos: Conhecimentos b\u00e1sicos em infraestrutura de TI em  sistemas operacionais, no\u00e7\u00f5es de redes e de seguran\u00e7a da informa\u00e7\u00e3o (controle de acesso, confidencialidade, integridade e disponibilidade)<\/p>\n<ul>\n<li>Local de trabalho: Rio de Janeiro, RJ<\/li>\n<li>Regime de contrata\u00e7\u00e3o de tipo: Est\u00e1gio<\/li>\n<li>Jornada: Per\u00edodo Integral<\/li>\n<li>\u00c1rea e especializa\u00e7\u00e3o profissional: Inform\u00e1tica, TI, Telecomunica\u00e7\u00f5es &#8211; Infraestrutura<\/li>\n<li>N\u00edvel hier\u00e1rquico: Estagi\u00e1rio<\/li>\n<\/ul>\n<p>Escolaridade M\u00ednima: Ensino Superior<\/p>\n<p>Forma\u00e7\u00e3o desejada:<\/p>\n<ul>\n<li>Engenharia da computa\u00e7\u00e3o, Ensino Superior<\/li>\n<li>Ci\u00eancias da computa\u00e7\u00e3o, Ensino Superior<\/li>\n<\/ul>\n<p>Sal\u00e1rio: 1360,0<\/p>\n","protected":false},"excerpt":{"rendered":"<p>Empresa no segmento de previd\u00eancia complementar busca estudantes de Ci\u00eancia da Computa\u00e7\u00e3o \/ Sistemas de Informa\u00e7\u00e3o \/ Engenharia de Computa\u00e7\u00e3o, a partir de 6\u00ba per\u00edodo, para oportunidade de est\u00e1gio. Atividades: &#8211; Apoiar a administra\u00e7\u00e3o e monitoramento de ambientes de infraestrutura (servidores, redes e servi\u00e7os); &#8211; Auxiliar no controle de acessos a sistemas, redes e recursos [&hellip;]<\/p>\n","protected":false},"author":1,"featured_media":0,"comment_status":"open","ping_status":"open","sticky":false,"template":"","format":"standard","meta":{"footnotes":""},"categories":[21],"tags":[],"class_list":["post-1858","post","type-post","status-publish","format-standard","hentry","category-rio-de-janeiro-rj"],"_links":{"self":[{"href":"https:\/\/vagas.portalemprego.com.br\/index.php?rest_route=\/wp\/v2\/posts\/1858","targetHints":{"allow":["GET"]}}],"collection":[{"href":"https:\/\/vagas.portalemprego.com.br\/index.php?rest_route=\/wp\/v2\/posts"}],"about":[{"href":"https:\/\/vagas.portalemprego.com.br\/index.php?rest_route=\/wp\/v2\/types\/post"}],"author":[{"embeddable":true,"href":"https:\/\/vagas.portalemprego.com.br\/index.php?rest_route=\/wp\/v2\/users\/1"}],"replies":[{"embeddable":true,"href":"https:\/\/vagas.portalemprego.com.br\/index.php?rest_route=%2Fwp%2Fv2%2Fcomments&post=1858"}],"version-history":[{"count":0,"href":"https:\/\/vagas.portalemprego.com.br\/index.php?rest_route=\/wp\/v2\/posts\/1858\/revisions"}],"wp:attachment":[{"href":"https:\/\/vagas.portalemprego.com.br\/index.php?rest_route=%2Fwp%2Fv2%2Fmedia&parent=1858"}],"wp:term":[{"taxonomy":"category","embeddable":true,"href":"https:\/\/vagas.portalemprego.com.br\/index.php?rest_route=%2Fwp%2Fv2%2Fcategories&post=1858"},{"taxonomy":"post_tag","embeddable":true,"href":"https:\/\/vagas.portalemprego.com.br\/index.php?rest_route=%2Fwp%2Fv2%2Ftags&post=1858"}],"curies":[{"name":"wp","href":"https:\/\/api.w.org\/{rel}","templated":true}]}}