{"id":1862,"date":"2026-04-29T06:28:28","date_gmt":"2026-04-29T09:28:28","guid":{"rendered":"https:\/\/vagas.portalemprego.com.br\/?p=1862"},"modified":"2026-04-29T06:28:28","modified_gmt":"2026-04-29T09:28:28","slug":"operador-de-estacionamento-hortifruti-niteroi-rj-transportes-niteroi","status":"publish","type":"post","link":"https:\/\/vagas.portalemprego.com.br\/?p=1862","title":{"rendered":"OPERADOR DE ESTACIONAMENTO &#8211; HORTIFRUTI &#8211; NITEROI\/RJ &#8211; Transportes &#8211; Niter\u00f3i"},"content":{"rendered":"<p>A\u00a0Leve\u00a0Mobilidade\u00a0\u00e9\u00a0l\u00edder\u00a0em\u00a0Gest\u00e3o\u00a0de\u00a0Estacionamentos.<br \/>\nFa\u00e7a\u00a0parte\u00a0de\u00a0uma\u00a0equipe\u00a0que\u00a0valoriza\u00a0o\u00a0cuidado\u00a0com\u00a0o\u00a0cliente\u00a0e\u00a0o\u00a0trabalho\u00a0em\u00a0equipe.<br \/>\nEstamos\u00a0em\u00a0busca\u00a0de\u00a0um(a)\u00a0Operador(a)\u00a0de\u00a0estacionamento\u00a0para\u00a0atuar\u00a0no\u00a0estacionamento\u00a0da\u00a0unidade\u00a0Hortifruti\u00a0Niteroi\u00a0RJ.\u00a0Se\u00a0voc\u00ea\u00a0\u00e9\u00a0proativo(a),\u00a0comunicativo(a)\u00a0e\u00a0gosta\u00a0de\u00a0contribuir\u00a0com\u00a0a\u00a0organiza\u00e7\u00e3o\u00a0e\u00a0a\u00a0experi\u00eancia\u00a0dos\u00a0clientes,\u00a0essa\u00a0oportunidade\u00a0pode\u00a0ser\u00a0sua!<br \/>\nResponsabilidades:<br \/>\n\u2022\u00a0Atendimento\u00a0a\u00a0Clientes\u00a0com\u00a0cortesia\u00a0e\u00a0educa\u00e7\u00e3o<br \/>\n\u2022\u00a0Suporte\u00a0a\u00a0clientes\u00a0e\u00a0a\u00a0supervis\u00e3o.<br \/>\n\u2022\u00a0Abertura\u00a0e\u00a0fechamento\u00a0de\u00a0Caixa<br \/>\n\u2022\u00a0Limpeza\u00a0de\u00a0p\u00e1tio<br \/>\n\u2022\u00a0Recolhimento\u00a0de\u00a0carrinhos<\/p>\n<p>Requisitos\u00a0Indispens\u00e1veis:<br \/>\n\u2022\u00a0Flu\u00eancia\u00a0verbal<br \/>\n\u2022\u00a0Cortesia<br \/>\n\u2022\u00a0Habilidade\u00a0com\u00a0trabalho\u00a0em\u00a0equipe<br \/>\n\u2022\u00a0Proatividade<\/p>\n<p>Benef\u00edcios:<br \/>\n\u2022\u00a0Sal\u00e1rio: 1.621,00<br \/>\n\u2022\u00a0Alimenta\u00e7\u00e3o\u00a0Cesta\u00a0R$\u00a0100,00<br \/>\n\u2022\u00a0Vale\u00a0Transporte\u00a0ou\u00a0Aux\u00edlio\u00a0Combust\u00edvel\u00a0(R$\u00a0100,00\u00a0&#8211;\u00a0Combust\u00edvel)<br \/>\n\u2022\u00a0Plano\u00a0Odontol\u00f3gico<br \/>\n\u2022\u00a0Seguro\u00a0de\u00a0Vida\u00a0em\u00a0grupo<br \/>\n\u2022\u00a0Descontos\u00a0em\u00a0farm\u00e1cias\u00a0(Drogasil\u00a0e\u00a0Droga\u00a0Raia)<br \/>\n\u2022\u00a0Programa\u00a0de\u00a0apoio\u00a0\u00e0\u00a0gestante<br \/>\n\u2022\u00a0Parcerias\u00a0com\u00a0institui\u00e7\u00f5es\u00a0de\u00a0ensino\u00a0superior<\/p>\n<p>Escala\u00a0de\u00a0trabalho\u00a0:<br \/>\nFolguista 6&#215;1 &#8211; folga s\u00e1bado e um domingo no m\u00eas<br \/>\n\u00a0Av. Marqu\u00eas do Paran\u00e1, 312 &#8211; Centro, Niter\u00f3i &#8211; RJ, 24030-211<\/p>\n<ul>\n<li>Local de trabalho: Niter\u00f3i, RJ<\/li>\n<li>Regime de contrata\u00e7\u00e3o de tipo: Efetivo \u2013 CLT<\/li>\n<li>Jornada: Per\u00edodo Integral<\/li>\n<li>\u00c1rea e especializa\u00e7\u00e3o profissional: Transportes &#8211; Controle de Tr\u00e1fego<\/li>\n<li>N\u00edvel hier\u00e1rquico: Operacional<\/li>\n<\/ul>\n<p>Escolaridade M\u00ednima: Ensino Fundamental (1\u00ba grau)<\/p>\n<p>Sal\u00e1rio: 1621,0<\/p>\n","protected":false},"excerpt":{"rendered":"<p>A\u00a0Leve\u00a0Mobilidade\u00a0\u00e9\u00a0l\u00edder\u00a0em\u00a0Gest\u00e3o\u00a0de\u00a0Estacionamentos. Fa\u00e7a\u00a0parte\u00a0de\u00a0uma\u00a0equipe\u00a0que\u00a0valoriza\u00a0o\u00a0cuidado\u00a0com\u00a0o\u00a0cliente\u00a0e\u00a0o\u00a0trabalho\u00a0em\u00a0equipe. Estamos\u00a0em\u00a0busca\u00a0de\u00a0um(a)\u00a0Operador(a)\u00a0de\u00a0estacionamento\u00a0para\u00a0atuar\u00a0no\u00a0estacionamento\u00a0da\u00a0unidade\u00a0Hortifruti\u00a0Niteroi\u00a0RJ.\u00a0Se\u00a0voc\u00ea\u00a0\u00e9\u00a0proativo(a),\u00a0comunicativo(a)\u00a0e\u00a0gosta\u00a0de\u00a0contribuir\u00a0com\u00a0a\u00a0organiza\u00e7\u00e3o\u00a0e\u00a0a\u00a0experi\u00eancia\u00a0dos\u00a0clientes,\u00a0essa\u00a0oportunidade\u00a0pode\u00a0ser\u00a0sua! Responsabilidades: \u2022\u00a0Atendimento\u00a0a\u00a0Clientes\u00a0com\u00a0cortesia\u00a0e\u00a0educa\u00e7\u00e3o \u2022\u00a0Suporte\u00a0a\u00a0clientes\u00a0e\u00a0a\u00a0supervis\u00e3o. \u2022\u00a0Abertura\u00a0e\u00a0fechamento\u00a0de\u00a0Caixa \u2022\u00a0Limpeza\u00a0de\u00a0p\u00e1tio \u2022\u00a0Recolhimento\u00a0de\u00a0carrinhos Requisitos\u00a0Indispens\u00e1veis: \u2022\u00a0Flu\u00eancia\u00a0verbal \u2022\u00a0Cortesia \u2022\u00a0Habilidade\u00a0com\u00a0trabalho\u00a0em\u00a0equipe \u2022\u00a0Proatividade Benef\u00edcios: \u2022\u00a0Sal\u00e1rio: 1.621,00 \u2022\u00a0Alimenta\u00e7\u00e3o\u00a0Cesta\u00a0R$\u00a0100,00 \u2022\u00a0Vale\u00a0Transporte\u00a0ou\u00a0Aux\u00edlio\u00a0Combust\u00edvel\u00a0(R$\u00a0100,00\u00a0&#8211;\u00a0Combust\u00edvel) \u2022\u00a0Plano\u00a0Odontol\u00f3gico \u2022\u00a0Seguro\u00a0de\u00a0Vida\u00a0em\u00a0grupo \u2022\u00a0Descontos\u00a0em\u00a0farm\u00e1cias\u00a0(Drogasil\u00a0e\u00a0Droga\u00a0Raia) \u2022\u00a0Programa\u00a0de\u00a0apoio\u00a0\u00e0\u00a0gestante \u2022\u00a0Parcerias\u00a0com\u00a0institui\u00e7\u00f5es\u00a0de\u00a0ensino\u00a0superior Escala\u00a0de\u00a0trabalho\u00a0: Folguista 6&#215;1 &#8211; folga s\u00e1bado e um domingo no m\u00eas \u00a0Av. Marqu\u00eas do Paran\u00e1, 312 &#8211; Centro, Niter\u00f3i &#8211; RJ, 24030-211 Local de trabalho: Niter\u00f3i, RJ Regime de contrata\u00e7\u00e3o de [&hellip;]<\/p>\n","protected":false},"author":1,"featured_media":0,"comment_status":"open","ping_status":"open","sticky":false,"template":"","format":"standard","meta":{"footnotes":""},"categories":[21],"tags":[],"class_list":["post-1862","post","type-post","status-publish","format-standard","hentry","category-rio-de-janeiro-rj"],"_links":{"self":[{"href":"https:\/\/vagas.portalemprego.com.br\/index.php?rest_route=\/wp\/v2\/posts\/1862","targetHints":{"allow":["GET"]}}],"collection":[{"href":"https:\/\/vagas.portalemprego.com.br\/index.php?rest_route=\/wp\/v2\/posts"}],"about":[{"href":"https:\/\/vagas.portalemprego.com.br\/index.php?rest_route=\/wp\/v2\/types\/post"}],"author":[{"embeddable":true,"href":"https:\/\/vagas.portalemprego.com.br\/index.php?rest_route=\/wp\/v2\/users\/1"}],"replies":[{"embeddable":true,"href":"https:\/\/vagas.portalemprego.com.br\/index.php?rest_route=%2Fwp%2Fv2%2Fcomments&post=1862"}],"version-history":[{"count":0,"href":"https:\/\/vagas.portalemprego.com.br\/index.php?rest_route=\/wp\/v2\/posts\/1862\/revisions"}],"wp:attachment":[{"href":"https:\/\/vagas.portalemprego.com.br\/index.php?rest_route=%2Fwp%2Fv2%2Fmedia&parent=1862"}],"wp:term":[{"taxonomy":"category","embeddable":true,"href":"https:\/\/vagas.portalemprego.com.br\/index.php?rest_route=%2Fwp%2Fv2%2Fcategories&post=1862"},{"taxonomy":"post_tag","embeddable":true,"href":"https:\/\/vagas.portalemprego.com.br\/index.php?rest_route=%2Fwp%2Fv2%2Ftags&post=1862"}],"curies":[{"name":"wp","href":"https:\/\/api.w.org\/{rel}","templated":true}]}}