{"id":1864,"date":"2026-04-29T06:28:28","date_gmt":"2026-04-29T09:28:28","guid":{"rendered":"https:\/\/vagas.portalemprego.com.br\/?p=1864"},"modified":"2026-04-29T06:28:28","modified_gmt":"2026-04-29T09:28:28","slug":"tecnico-de-seguranca-do-trabalho-engenharia-rio-de-janeiro-4","status":"publish","type":"post","link":"https:\/\/vagas.portalemprego.com.br\/?p=1864","title":{"rendered":"T\u00e9cnico de Seguran\u00e7a do Trabalho &#8211; Engenharia &#8211; Rio de Janeiro"},"content":{"rendered":"<p>Sal\u00e1rio: R$ 2.800,00<br \/>\nAlimenta\u00e7\u00e3o no local<br \/>\nconv\u00eanio Sesc<br \/>\nDescri\u00e7\u00e3o da vaga:<br \/>\nRespons\u00e1vel por promover a seguran\u00e7a e integridade f\u00edsica dos colaboradores, garantindo o cumprimento das normas de seguran\u00e7a e sa\u00fade no trabalho.<\/p>\n<p>Principais atividades:<br \/>\nRealizar inspe\u00e7\u00f5es de seguran\u00e7a nas \u00e1reas da empresa<br \/>\nIdentificar riscos e propor medidas preventivas<br \/>\nOrientar colaboradores sobre normas de seguran\u00e7a<br \/>\nControlar e acompanhar o uso de EPIs<br \/>\nInvestigar acidentes e propor a\u00e7\u00f5es corretivas<br \/>\nElaborar relat\u00f3rios e indicadores de seguran\u00e7a<br \/>\nApoiar na implementa\u00e7\u00e3o de programas de preven\u00e7\u00e3o<br \/>\nRealizar a\u00e7\u00f5es de sa\u00fade no ambiente de trabalho (novembro azul, outubro rosa)<\/p>\n<p>Requisitos:<br \/>\nCurso t\u00e9cnico em Seguran\u00e7a do Trabalho conclu\u00eddo<br \/>\nRegistro ativo<br \/>\nExperi\u00eancia m\u00ednima de 1 ano na fun\u00e7\u00e3o<br \/>\nExperi\u00eancia\u00a0em\u00a0ambiente\u00a0industrial\u00a0ou\u00a0log\u00edstico (CD)<br \/>\nDiferenciais:<br \/>\nConhecimento em normas regulamentadoras (NRs)<\/p>\n<ul>\n<li>N\u00famero de vagas: 2<\/li>\n<li>Local de trabalho: Rio de Janeiro, RJ<\/li>\n<li>Regime de contrata\u00e7\u00e3o de tipo: Efetivo \u2013 CLT<\/li>\n<li>Jornada: Per\u00edodo Integral<\/li>\n<li>\u00c1rea e especializa\u00e7\u00e3o profissional: Engenharia &#8211; Engenharia de Seguran\u00e7a do Trabalho<\/li>\n<li>N\u00edvel hier\u00e1rquico: Assistente<\/li>\n<\/ul>\n<p>VALORIZADO<\/p>\n<p>Tempo de experi\u00eancia: Entre 1 e 3 anos<\/p>\n<p>Escolaridade M\u00ednima: Ensino M\u00e9dio (2\u00ba Grau)<\/p>\n<p>Forma\u00e7\u00e3o desejada:<\/p>\n<ul>\n<li>Seguran\u00e7a do trabalho, Curso T\u00e9cnico<\/li>\n<\/ul>\n<p>Sal\u00e1rio: 2800,01<\/p>\n","protected":false},"excerpt":{"rendered":"<p>Sal\u00e1rio: R$ 2.800,00 Alimenta\u00e7\u00e3o no local conv\u00eanio Sesc Descri\u00e7\u00e3o da vaga: Respons\u00e1vel por promover a seguran\u00e7a e integridade f\u00edsica dos colaboradores, garantindo o cumprimento das normas de seguran\u00e7a e sa\u00fade no trabalho. Principais atividades: Realizar inspe\u00e7\u00f5es de seguran\u00e7a nas \u00e1reas da empresa Identificar riscos e propor medidas preventivas Orientar colaboradores sobre normas de seguran\u00e7a Controlar [&hellip;]<\/p>\n","protected":false},"author":1,"featured_media":0,"comment_status":"open","ping_status":"open","sticky":false,"template":"","format":"standard","meta":{"footnotes":""},"categories":[21],"tags":[],"class_list":["post-1864","post","type-post","status-publish","format-standard","hentry","category-rio-de-janeiro-rj"],"_links":{"self":[{"href":"https:\/\/vagas.portalemprego.com.br\/index.php?rest_route=\/wp\/v2\/posts\/1864","targetHints":{"allow":["GET"]}}],"collection":[{"href":"https:\/\/vagas.portalemprego.com.br\/index.php?rest_route=\/wp\/v2\/posts"}],"about":[{"href":"https:\/\/vagas.portalemprego.com.br\/index.php?rest_route=\/wp\/v2\/types\/post"}],"author":[{"embeddable":true,"href":"https:\/\/vagas.portalemprego.com.br\/index.php?rest_route=\/wp\/v2\/users\/1"}],"replies":[{"embeddable":true,"href":"https:\/\/vagas.portalemprego.com.br\/index.php?rest_route=%2Fwp%2Fv2%2Fcomments&post=1864"}],"version-history":[{"count":0,"href":"https:\/\/vagas.portalemprego.com.br\/index.php?rest_route=\/wp\/v2\/posts\/1864\/revisions"}],"wp:attachment":[{"href":"https:\/\/vagas.portalemprego.com.br\/index.php?rest_route=%2Fwp%2Fv2%2Fmedia&parent=1864"}],"wp:term":[{"taxonomy":"category","embeddable":true,"href":"https:\/\/vagas.portalemprego.com.br\/index.php?rest_route=%2Fwp%2Fv2%2Fcategories&post=1864"},{"taxonomy":"post_tag","embeddable":true,"href":"https:\/\/vagas.portalemprego.com.br\/index.php?rest_route=%2Fwp%2Fv2%2Ftags&post=1864"}],"curies":[{"name":"wp","href":"https:\/\/api.w.org\/{rel}","templated":true}]}}