{"id":1865,"date":"2026-04-29T06:28:28","date_gmt":"2026-04-29T09:28:28","guid":{"rendered":"https:\/\/vagas.portalemprego.com.br\/?p=1865"},"modified":"2026-04-29T06:28:28","modified_gmt":"2026-04-29T09:28:28","slug":"supervisor-contabil-contabil-financas-economia-rio-de-janeiro-2","status":"publish","type":"post","link":"https:\/\/vagas.portalemprego.com.br\/?p=1865","title":{"rendered":"Supervisor Cont\u00e1bil &#8211; Cont\u00e1bil, Finan\u00e7as, Economia &#8211; Rio de Janeiro"},"content":{"rendered":"<p>Imagine\u00a0um\u00a0local\u00a0que\u00a0sabe\u00a0valorizar\u00a0seus\u00a0talentos,\u00a0com\u00a0um\u00a0time\u00a0que\u00a0joga\u00a0junto,\u00a0respeita\u00a0quem\u00a0voc\u00ea\u00a0\u00e9\u00a0e\u00a0est\u00e1<br \/>\nsempre\u00a0em\u00a0busca\u00a0da\u00a0melhor\u00a0qualidade\u00a0no\u00a0que\u00a0faz.<br \/>\nEssa\u00a0\u00e9\u00a0a\u00a0DPC!<br \/>\nE\u00a0voc\u00ea\u00a0pode\u00a0ser\u00a0o\u00a0pr\u00f3ximo\u00a0membro\u00a0da\u00a0nossa\u00a0equipe.\u00a0Confira\u00a0os\u00a0detalhes\u00a0da\u00a0vaga\u00a0e\u00a0fa\u00e7a\u00a0sua\u00a0candidatura.<\/p>\n<p>Atividades:<br \/>\n&#8211; Atendimento a auditoria e a clientes;\u00a0\u00a0<br \/>\n&#8211; Revisar e transmitir: ECF, ECD\u00a0e EFD Contribui\u00e7\u00f5es;\u00a0\u00a0<br \/>\n&#8211; Revisar\u00a0DCTFWEB; Revis\u00e3o dos c\u00e1lculos: Pis e\u00a0Cofins\u00a0\/ IRPJ e CSLL;\u00a0\u00a0<br \/>\n&#8211; Desenvolvimento de equipe;\u00a0\u00a0<br \/>\n&#8211; Demais atividades pertinentes ao setor cont\u00e1bil.\u00a0<\/p>\n<p>Requisitos:<br \/>\nGradua\u00e7\u00e3o\u00a0completa\u00a0em\u00a0Ci\u00eancias\u00a0Cont\u00e1beis;<br \/>\nPossuir\u00a0o\u00a0CRC\u00a0ativo;<br \/>\nExperi\u00eancia\u00a0avan\u00e7ada\u00a0na\u00a0revis\u00e3o\u00a0de\u00a0balancetes,\u00a0apura\u00e7\u00e3o\u00a0de\u00a0resultados\u00a0e\u00a0elabora\u00e7\u00e3o\u00a0das\u00a0demonstra\u00e7\u00f5es\u00a0financeiras\u00a0de\u00a0acordo\u00a0com\u00a0as\u00a0normas\u00a0cont\u00e1beis\u00a0vigentes\u00a0(CPC\/IFRS);\u00a0<br \/>\nCapacidade\u00a0anal\u00edtica\u00a0para\u00a0identificar\u00a0inconsist\u00eancias\u00a0cont\u00e1beis\u00a0e\u00a0propor\u00a0solu\u00e7\u00f5es\u00a0assertivas\u00a0em\u00a0conformidade\u00a0com\u00a0a\u00a0legisla\u00e7\u00e3o;\u00a0<br \/>\nProfici\u00eancia\u00a0em\u00a0Excel\u00a0(n\u00edvel\u00a0intermedi\u00e1rio\/avan\u00e7ado),\u00a0com\u00a0capacidade\u00a0de\u00a0gerar\u00a0relat\u00f3rios\u00a0gerenciais,\u00a0an\u00e1lises\u00a0comparativas\u00a0e\u00a0proje\u00e7\u00f5es;\u00a0<br \/>\nForte\u00a0habilidade\u00a0em\u00a0gest\u00e3o\u00a0de\u00a0equipes,\u00a0com\u00a0foco\u00a0em\u00a0desenvolvimento\u00a0profissional,\u00a0distribui\u00e7\u00e3o\u00a0de\u00a0tarefas\u00a0e\u00a0supervis\u00e3o\u00a0de\u00a0prazos\u00a0e\u00a0qualidade\u00a0das\u00a0entregas;\u00a0<\/p>\n<p>Requisitos Desej\u00e1veis:<br \/>\nP\u00f3s-gradua\u00e7\u00e3o na \u00e1rea.\u00a0<br \/>\nPerfil\u00a0hands\u00a0on, habilidade de trabalho com m\u00faltiplas tarefas e segmentos diversificados de clientes. \u00a0<br \/>\nOutsourcing cont\u00e1bil;\u00a0<\/p>\n<p>Benef\u00edcios:<br \/>\n\u2022\u00a0Vale\u00a0Transporte<br \/>\n\u2022\u00a0Vale\u00a0Refei\u00e7\u00e3o\/Alimenta\u00e7\u00e3o:\u00a0R$\u00a033,50\u00a0por\u00a0dia\u00a0\u00fatil\u00a0trabalhado.<br \/>\n\u2022\u00a0Plano\u00a0de\u00a0Sa\u00fade:\u00a0Sem\u00a0mensalidade\u00a0para\u00a0o\u00a0colaborador\u00a0(Extensivo\u00a0a\u00a0dependentes,\u00a0conforme\u00a0pol\u00edticas\u00a0internas).<br \/>\n\u2022\u00a0Plano\u00a0Odontol\u00f3gico:\u00a0Opcional\u00a0(Extensivo\u00a0a\u00a0dependentes,\u00a0conforme\u00a0pol\u00edticas\u00a0internas).<br \/>\n\u2022\u00a0Seguro\u00a0de\u00a0Vida:\u00a0Zero\u00a0custo\u00a0para\u00a0o\u00a0colaborador.<br \/>\n\u2022\u00a0StarBem:\u00a0Apoio\u00a0m\u00e9dico\u00a0e\u00a0psicol\u00f3gico\u00a0online.\u00a0Zero\u00a0custo\u00a0para\u00a0o\u00a0colaborador.<br \/>\n\u2022\u00a0Programas\u00a0de\u00a0sa\u00fade\u00a0e\u00a0bem\u00a0estar.<br \/>\n\u2022\u00a0Descontos\u00a0em\u00a0Farm\u00e1cias:\u00a0Atrav\u00e9s\u00a0do\u00a0plano\u00a0de\u00a0sa\u00fade\u00a0ou\u00a0da\u00a0StarBem.<br \/>\n\u2022\u00a0TotalPass:\u00a0Descontos\u00a0em\u00a0atividades\u00a0f\u00edsicas\u00a0em\u00a0diversas\u00a0academias.<br \/>\n\u2022\u00a0Incentivo\u00a0ao\u00a0Esporte:\u00a0Participa\u00e7\u00e3o\u00a0em\u00a0circuito\u00a0de\u00a0corridas\u00a0de\u00a0rua.<br \/>\n\u2022\u00a0SESC:\u00a0Tarifas\u00a0diferenciadas\u00a0em\u00a0hospedagem,\u00a0col\u00f4nias\u00a0de\u00a0f\u00e9rias,\u00a0atividades\u00a0f\u00edsicas,\u00a0servi\u00e7os\u00a0odontol\u00f3gicos\u00a0e\u00a0programa\u00e7\u00f5es\u00a0culturais.<br \/>\n\u2022\u00a0Programa\u00a0Mam\u00e3e\u00a0DPC:\u00a0Aten\u00e7\u00e3o\u00a0especial\u00a0\u00e0s\u00a0colaboradoras\u00a0gestante\u00a0+\u00a0Sala\u00a0exclusiva\u00a0para\u00a0lactantes.<br \/>\n\u2022\u00a0Aux\u00edlio\u00a0Creche<br \/>\n\u2022\u00a0Participa\u00e7\u00e3o\u00a0nos\u00a0Lucros\u00a0e\u00a0Rendimentos:\u00a0Distribu\u00eddo\u00a0anualmente.<br \/>\n\u2022\u00a0A\u00e7\u00f5es\u00a0motivacionais\u00a0de\u00a0clima\u00a0e\u00a0engajamento.<br \/>\n\u2022\u00a0Aniversariante\u00a0do\u00a0M\u00eas.<br \/>\n\u2022\u00a0Programa\u00a0de\u00a0Forma\u00e7\u00e3o:\u00a0Treinamentos\u00a0t\u00e9cnicos\u00a0e\u00a0comportamentais.<br \/>\n\u2022\u00a0Programa\u00a0de\u00a0Mentoria:\u00a0Acompanhamento\u00a0e\u00a0desenvolvimento\u00a0interno\u00a0para\u00a0profissionais\u00a0com\u00a0grande\u00a0potencial\u00a0para\u00a0se\u00a0tornarem\u00a0futuros\u00a0l\u00edderes,\u00a0proporcionando\u00a0treinamentos,\u00a0suporte\u00a0organizacional,\u00a0mentorias\u00a0e\u00a0projetos\u00a0desafiadores.<br \/>\n\u2022\u00a0Parcerias\u00a0de\u00a0Descontos:\u00a0Universidades,\u00a0Curso\u00a0de\u00a0idiomas\u00a0e\u00a0Lazer.<br \/>\n\u2022\u00a0Modelo\u00a0H\u00edbrido:\u00a0Dois\u00a0dias\u00a0de\u00a0Home\u00a0Office<\/p>\n<p>Remunera\u00e7\u00e3o:\u00a0Pretens\u00e3o\u00a0Salarial.<br \/>\nLocal\u00a0de\u00a0Trabalho:\u00a0Cinel\u00e2ndia\u00a0&#8211;\u00a0Centro\/RJ.<\/p>\n<ul>\n<li>Local de trabalho: Rio de Janeiro, RJ<\/li>\n<li>Regime de contrata\u00e7\u00e3o de tipo: Efetivo \u2013 CLT<\/li>\n<li>Jornada: Per\u00edodo Integral<\/li>\n<li>\u00c1rea e especializa\u00e7\u00e3o profissional: Cont\u00e1bil, Finan\u00e7as, Economia &#8211; Contabilidade<\/li>\n<li>N\u00edvel hier\u00e1rquico: Supervisor<\/li>\n<\/ul>\n<p>Escolaridade M\u00ednima: P\u00f3s-gradua\u00e7\u00e3o &#8211; Especializa\u00e7\u00e3o\/MBA<\/p>\n<ul>\n<li>SESC<\/li>\n<li>Aux\u00edlio creche<\/li>\n<li>Programa de sa\u00fade, bem estar e qualidade de vida<\/li>\n<li>Conv\u00eanios com Institui\u00e7\u00f5es de Ensino<\/li>\n<li>Hor\u00e1rio Flex\u00edvel<\/li>\n<li>Programa mam\u00e3e DPC<\/li>\n<li>Vale-transporte<\/li>\n<li>Conv\u00eanios com Cursos de Idiomas<\/li>\n<li>Assist\u00eancia m\u00e9dica<\/li>\n<li>Aniversariante do m\u00eas<\/li>\n<li>Participa\u00e7\u00e3o nos lucros<\/li>\n<li>TotalPass<\/li>\n<li>Vale-refei\u00e7\u00e3o<\/li>\n<li>Assist\u00eancia odontol\u00f3gica<\/li>\n<li>Programa de forma\u00e7\u00e3o<\/li>\n<li>Incentivo ao Esporte<\/li>\n<li>A\u00e7\u00f5es motivacionais de clima e engajamento<\/li>\n<\/ul>\n","protected":false},"excerpt":{"rendered":"<p>Imagine\u00a0um\u00a0local\u00a0que\u00a0sabe\u00a0valorizar\u00a0seus\u00a0talentos,\u00a0com\u00a0um\u00a0time\u00a0que\u00a0joga\u00a0junto,\u00a0respeita\u00a0quem\u00a0voc\u00ea\u00a0\u00e9\u00a0e\u00a0est\u00e1 sempre\u00a0em\u00a0busca\u00a0da\u00a0melhor\u00a0qualidade\u00a0no\u00a0que\u00a0faz. Essa\u00a0\u00e9\u00a0a\u00a0DPC! E\u00a0voc\u00ea\u00a0pode\u00a0ser\u00a0o\u00a0pr\u00f3ximo\u00a0membro\u00a0da\u00a0nossa\u00a0equipe.\u00a0Confira\u00a0os\u00a0detalhes\u00a0da\u00a0vaga\u00a0e\u00a0fa\u00e7a\u00a0sua\u00a0candidatura. Atividades: &#8211; Atendimento a auditoria e a clientes;\u00a0\u00a0 &#8211; Revisar e transmitir: ECF, ECD\u00a0e EFD Contribui\u00e7\u00f5es;\u00a0\u00a0 &#8211; Revisar\u00a0DCTFWEB; Revis\u00e3o dos c\u00e1lculos: Pis e\u00a0Cofins\u00a0\/ IRPJ e CSLL;\u00a0\u00a0 &#8211; Desenvolvimento de equipe;\u00a0\u00a0 &#8211; Demais atividades pertinentes ao setor cont\u00e1bil.\u00a0 Requisitos: Gradua\u00e7\u00e3o\u00a0completa\u00a0em\u00a0Ci\u00eancias\u00a0Cont\u00e1beis; Possuir\u00a0o\u00a0CRC\u00a0ativo; Experi\u00eancia\u00a0avan\u00e7ada\u00a0na\u00a0revis\u00e3o\u00a0de\u00a0balancetes,\u00a0apura\u00e7\u00e3o\u00a0de\u00a0resultados\u00a0e\u00a0elabora\u00e7\u00e3o\u00a0das\u00a0demonstra\u00e7\u00f5es\u00a0financeiras\u00a0de\u00a0acordo\u00a0com\u00a0as\u00a0normas\u00a0cont\u00e1beis\u00a0vigentes\u00a0(CPC\/IFRS);\u00a0 Capacidade\u00a0anal\u00edtica\u00a0para\u00a0identificar\u00a0inconsist\u00eancias\u00a0cont\u00e1beis\u00a0e\u00a0propor\u00a0solu\u00e7\u00f5es\u00a0assertivas\u00a0em\u00a0conformidade\u00a0com\u00a0a\u00a0legisla\u00e7\u00e3o;\u00a0 Profici\u00eancia\u00a0em\u00a0Excel\u00a0(n\u00edvel\u00a0intermedi\u00e1rio\/avan\u00e7ado),\u00a0com\u00a0capacidade\u00a0de\u00a0gerar\u00a0relat\u00f3rios\u00a0gerenciais,\u00a0an\u00e1lises\u00a0comparativas\u00a0e\u00a0proje\u00e7\u00f5es;\u00a0 Forte\u00a0habilidade\u00a0em\u00a0gest\u00e3o\u00a0de\u00a0equipes,\u00a0com\u00a0foco\u00a0em\u00a0desenvolvimento\u00a0profissional,\u00a0distribui\u00e7\u00e3o\u00a0de\u00a0tarefas\u00a0e\u00a0supervis\u00e3o\u00a0de\u00a0prazos\u00a0e\u00a0qualidade\u00a0das\u00a0entregas;\u00a0 Requisitos Desej\u00e1veis: P\u00f3s-gradua\u00e7\u00e3o na \u00e1rea.\u00a0 Perfil\u00a0hands\u00a0on, habilidade [&hellip;]<\/p>\n","protected":false},"author":1,"featured_media":0,"comment_status":"open","ping_status":"open","sticky":false,"template":"","format":"standard","meta":{"footnotes":""},"categories":[21],"tags":[],"class_list":["post-1865","post","type-post","status-publish","format-standard","hentry","category-rio-de-janeiro-rj"],"_links":{"self":[{"href":"https:\/\/vagas.portalemprego.com.br\/index.php?rest_route=\/wp\/v2\/posts\/1865","targetHints":{"allow":["GET"]}}],"collection":[{"href":"https:\/\/vagas.portalemprego.com.br\/index.php?rest_route=\/wp\/v2\/posts"}],"about":[{"href":"https:\/\/vagas.portalemprego.com.br\/index.php?rest_route=\/wp\/v2\/types\/post"}],"author":[{"embeddable":true,"href":"https:\/\/vagas.portalemprego.com.br\/index.php?rest_route=\/wp\/v2\/users\/1"}],"replies":[{"embeddable":true,"href":"https:\/\/vagas.portalemprego.com.br\/index.php?rest_route=%2Fwp%2Fv2%2Fcomments&post=1865"}],"version-history":[{"count":0,"href":"https:\/\/vagas.portalemprego.com.br\/index.php?rest_route=\/wp\/v2\/posts\/1865\/revisions"}],"wp:attachment":[{"href":"https:\/\/vagas.portalemprego.com.br\/index.php?rest_route=%2Fwp%2Fv2%2Fmedia&parent=1865"}],"wp:term":[{"taxonomy":"category","embeddable":true,"href":"https:\/\/vagas.portalemprego.com.br\/index.php?rest_route=%2Fwp%2Fv2%2Fcategories&post=1865"},{"taxonomy":"post_tag","embeddable":true,"href":"https:\/\/vagas.portalemprego.com.br\/index.php?rest_route=%2Fwp%2Fv2%2Ftags&post=1865"}],"curies":[{"name":"wp","href":"https:\/\/api.w.org\/{rel}","templated":true}]}}