{"id":1867,"date":"2026-04-29T06:28:28","date_gmt":"2026-04-29T09:28:28","guid":{"rendered":"https:\/\/vagas.portalemprego.com.br\/?p=1867"},"modified":"2026-04-29T06:28:28","modified_gmt":"2026-04-29T09:28:28","slug":"auxiliar-de-limpeza-madrugada-hotelaria-turismo-rio-de-janeiro","status":"publish","type":"post","link":"https:\/\/vagas.portalemprego.com.br\/?p=1867","title":{"rendered":"Auxiliar de Limpeza Madrugada &#8211; Hotelaria, Turismo &#8211; Rio de Janeiro"},"content":{"rendered":"<p>Vaga para Auxiliar de Servi\u00e7os Gerais<\/p>\n<p>Nossa empresa est\u00e1 \u00e0 procura de um profissional dedicado e capacitado para atuar como Auxiliar de Servi\u00e7os Gerais. N\u00f3s valorizamos as habilidades e atitudes que trazem efici\u00eancia, organiza\u00e7\u00e3o e um ambiente de trabalho limpo e agrad\u00e1vel.<\/p>\n<p>Requisitos:<br \/>\n1. Experi\u00eancia comprovada como Auxiliar de Servi\u00e7os Gerais.<br \/>\n2. Capacidade de manter um ambiente de trabalho estruturado e eficiente, garantindo o fluxo de atividades e o conforto dos colaboradores.<br \/>\n3. Capacidade de trabalhar em conjunto com outros setores e colaboradores, contribuindo para um ambiente de colabora\u00e7\u00e3o e respeito m\u00fatuo.<br \/>\n4. Disponibilidade para atender \u00e0s demandas di\u00e1rias e \u00e0s necessidades que possam surgir em diferentes momentos do dia.<br \/>\n5. Boas habilidades de comunica\u00e7\u00e3o, promovendo um ambiente aberto e prop\u00edcio ao di\u00e1logo e \u00e0 solu\u00e7\u00e3o de problemas.<\/p>\n<p>Responsabilidades:<br \/>\n&#8211; Manter as instala\u00e7\u00f5es da empresa limpas e organizadas, garantindo a sa\u00fade e o bem-estar de todos os colaboradores.<br \/>\n&#8211; Participar ativamente de reuni\u00f5es e eventos internos, contribuindo para o sucesso da empresa.<br \/>\n&#8211; Ser um representante ativo da nossa cultura e valores, promovendo um ambiente de trabalho positivo e produtivo.<\/p>\n<p>Se voc\u00ea est\u00e1 procurando um desafio em uma empresa em crescimento e se encaixa nos requisitos acima, n\u00f3s gostar\u00edamos de ouvir de voc\u00ea. <\/p>\n<p>Obrigado a todos.<\/p>\n<ul>\n<li>N\u00famero de vagas: 5<\/li>\n<li>Local de trabalho: Rio de Janeiro, RJ<\/li>\n<li>Regime de contrata\u00e7\u00e3o de tipo: Efetivo \u2013 CLT<\/li>\n<li>Jornada: Per\u00edodo Integral<\/li>\n<li>\u00c1rea e especializa\u00e7\u00e3o profissional: Hotelaria, Turismo &#8211; Governan\u00e7a<\/li>\n<li>N\u00edvel hier\u00e1rquico: Operacional<\/li>\n<\/ul>\n<p>VALORIZADO<\/p>\n<p>Tempo de experi\u00eancia: Menos de 1 ano<\/p>\n<p>HABILIDADES<\/p>\n<ul>\n<li>Habilidades de Limpeza<\/li>\n<li>Adaptabilidade e Flexibilidade<\/li>\n<li>Comunica\u00e7\u00e3o<\/li>\n<li>Capacidade de lidar com press\u00e3o<\/li>\n<li>Organiza\u00e7\u00e3o e Efici\u00eancia<\/li>\n<li>Capacidade de Trabalho em Equipe<\/li>\n<\/ul>\n<p>Escolaridade M\u00ednima: Ensino Fundamental (1\u00ba grau)<\/p>\n<ul>\n<li>Vale-transporte<\/li>\n<li>Assist\u00eancia m\u00e9dica<\/li>\n<li>Refei\u00e7\u00e3o no local<\/li>\n<\/ul>\n","protected":false},"excerpt":{"rendered":"<p>Vaga para Auxiliar de Servi\u00e7os Gerais Nossa empresa est\u00e1 \u00e0 procura de um profissional dedicado e capacitado para atuar como Auxiliar de Servi\u00e7os Gerais. N\u00f3s valorizamos as habilidades e atitudes que trazem efici\u00eancia, organiza\u00e7\u00e3o e um ambiente de trabalho limpo e agrad\u00e1vel. Requisitos: 1. Experi\u00eancia comprovada como Auxiliar de Servi\u00e7os Gerais. 2. Capacidade de manter [&hellip;]<\/p>\n","protected":false},"author":1,"featured_media":0,"comment_status":"open","ping_status":"open","sticky":false,"template":"","format":"standard","meta":{"footnotes":""},"categories":[21],"tags":[],"class_list":["post-1867","post","type-post","status-publish","format-standard","hentry","category-rio-de-janeiro-rj"],"_links":{"self":[{"href":"https:\/\/vagas.portalemprego.com.br\/index.php?rest_route=\/wp\/v2\/posts\/1867","targetHints":{"allow":["GET"]}}],"collection":[{"href":"https:\/\/vagas.portalemprego.com.br\/index.php?rest_route=\/wp\/v2\/posts"}],"about":[{"href":"https:\/\/vagas.portalemprego.com.br\/index.php?rest_route=\/wp\/v2\/types\/post"}],"author":[{"embeddable":true,"href":"https:\/\/vagas.portalemprego.com.br\/index.php?rest_route=\/wp\/v2\/users\/1"}],"replies":[{"embeddable":true,"href":"https:\/\/vagas.portalemprego.com.br\/index.php?rest_route=%2Fwp%2Fv2%2Fcomments&post=1867"}],"version-history":[{"count":0,"href":"https:\/\/vagas.portalemprego.com.br\/index.php?rest_route=\/wp\/v2\/posts\/1867\/revisions"}],"wp:attachment":[{"href":"https:\/\/vagas.portalemprego.com.br\/index.php?rest_route=%2Fwp%2Fv2%2Fmedia&parent=1867"}],"wp:term":[{"taxonomy":"category","embeddable":true,"href":"https:\/\/vagas.portalemprego.com.br\/index.php?rest_route=%2Fwp%2Fv2%2Fcategories&post=1867"},{"taxonomy":"post_tag","embeddable":true,"href":"https:\/\/vagas.portalemprego.com.br\/index.php?rest_route=%2Fwp%2Fv2%2Ftags&post=1867"}],"curies":[{"name":"wp","href":"https:\/\/api.w.org\/{rel}","templated":true}]}}